{"id":9443,"date":"2022-06-21T18:15:38","date_gmt":"2022-06-21T23:15:38","guid":{"rendered":"https:\/\/www.aquilaguna.com\/?p=9443"},"modified":"2022-06-21T18:15:39","modified_gmt":"2022-06-21T23:15:39","slug":"inauguran-edificio-del-instituto-de-ensenanza-de-lenguas-extranjeras-en-la-uadec","status":"publish","type":"post","link":"https:\/\/www.aquilaguna.com\/index.php\/2022\/06\/21\/inauguran-edificio-del-instituto-de-ensenanza-de-lenguas-extranjeras-en-la-uadec\/","title":{"rendered":"Inauguran Edificio del Instituto de Ense\u00f1anza de Lenguas Extranjeras en la UAdeC."},"content":{"rendered":"\n<p>SALTILLO, Coahuila. 21 de junio de 2022.- Luego del anuncio, el pasado mes de<br>noviembre de 2021, de la apertura del Instituto de Ense\u00f1anza en Lenguas<br>Extranjeras en la Universidad Aut\u00f3noma de Coahuila, este martes fue inaugurado<br>el edificio que albergar\u00e1 a las primeras generaciones del plantel que inician clases<br>el pr\u00f3ximo ciclo escolar en agosto-diciembre de 2022.<\/p>\n\n\n\n<p>El rector de la m\u00e1xima casa de estudios, Salvador Hern\u00e1ndez V\u00e9lez, fue quien<br>inaugur\u00f3 el espacio que forma parte del Centro de Idiomas de Saltillo, que est\u00e1 a<br>cargo de la Coordinaci\u00f3n de Relaciones Internaciones y que promueve entre otras<br>de sus funciones el desarrollo de competencias ling\u00fc\u00edsticas en el estado, as\u00ed como<br>la oferta para la formaci\u00f3n profesional en el idioma ingl\u00e9s.<\/p>\n\n\n\n<p>Asistieron a la develaci\u00f3n de la placa, el coordinador de Relaciones<br>Internacionales de la m\u00e1xima casa de estudios, Juan Manuel Morales Santoyo, la<br>Subcoordinadora del Instituto, Marisol Fern\u00e1ndez Zetina, adem\u00e1s de la<br>subsecretaria de planeaci\u00f3n educativa de la Secretar\u00eda de Educaci\u00f3n de Coahuila,<br>Mar\u00eda del Carmen Ru\u00edz Esparza y el titular de la Unidad Administrativa de<br>Educaci\u00f3n del Ayuntamiento de Saltillo, Gregorio Garc\u00eda Rodr\u00edguez.<\/p>\n\n\n\n<p>Como invitados especiales, asistieron la investigadora y consultora internacional<br>experta en la implementaci\u00f3n de programas educativos del idioma ingl\u00e9s, Patricia<br>Evelyn Grounds, quien colabor\u00f3 en el dise\u00f1o curricular de la Licenciatura en<br>Ense\u00f1anza del Idioma Ingl\u00e9s, el director del Centro de Estudios Asi\u00e1ticos de la<br>Universidad Aut\u00f3noma de Nuevo Le\u00f3n, Renato Balderrama Santander, y el<br>director de Servicios Acad\u00e9micos para Am\u00e9rica Latina del Cambridge University<br>Press, Ricardo Morales Mendoza.<\/p>\n\n\n\n<p>En su mensaje el rector Salvador Hern\u00e1ndez V\u00e9lez, dijo que, para potencializar la<br>capacitaci\u00f3n y oferta educativa en la ense\u00f1anza y certificaci\u00f3n de idiomas, que ya<br>se ofrec\u00eda en la UAdeC, se vio la necesidad de crear un Instituto de Ense\u00f1anza en<br>Lenguas Extranjeras, como una opci\u00f3n educativa m\u00e1s que requiere el mercado<br>laboral en el mundo actual.<\/p>\n\n\n\n<p>\u201cHoy la sociedad es m\u00e1s compleja, y por lo tanto requerimos de profesionistas<br>m\u00e1s capacitados, que deben saber varios idiomas, por ello era importante integrar<br>esa opci\u00f3n acad\u00e9mica en un modelo educativo basado en educaci\u00f3n de calidad,<br>pertinente, evaluada y certificada\u201d, afirm\u00f3 el Rector.<\/p>\n\n\n\n<p>Por su parte, el coordinador general de Relaciones Internacionales, Juan Manuel<br>Morales Santoyo, mencion\u00f3 que este proyecto fue posible gracias al impulso del<br>Rector de la Universidad, y con su creaci\u00f3n se prioriza el proceso de capacitaci\u00f3n<br>e internacionalizaci\u00f3n de los estudiantes desde de nivel medio superior, como se<br>establece en la Reforma Acad\u00e9mica Universitaria y el Nuevo Modelo Educativo.<\/p>\n\n\n\n<p>A\u00f1adi\u00f3 que la respuesta a los nuevos programas educativos que se iniciar\u00e1n en<br>agosto fue favorable, pues la matr\u00edcula del Bachillerato Biling\u00fce qued\u00f3 cubierta al<br>100 por ciento, y la de la Licenciatura en Ense\u00f1anza del Idioma Ingl\u00e9s, alcanz\u00f3 el<br>80 por ciento de cupo en la primera vuelta de admisiones.<\/p>\n\n\n\n<p>Morales Santoyo, se\u00f1al\u00f3 que el prop\u00f3sito es convertir al Instituto en el principal<br>centro de capacitaci\u00f3n en idiomas del estado, por lo que, adem\u00e1s de la integraci\u00f3n<br>de los centros de idiomas de Saltillo, Monclova, Piedras Negras y Torre\u00f3n, el<br>Instituto tendr\u00e1 un Departamento de Educaci\u00f3n Continua.<\/p>\n\n\n\n<p>Se impartir\u00e1n cursos, diplomados y talleres de capacitaci\u00f3n y actualizaci\u00f3n a<br>docentes de todos los niveles de la UAdeC, y el Centro de Certificaci\u00f3n de<br>Lenguas Extranjeras, permitir\u00e1 acreditar el nivel de dominio del idioma, as\u00ed como<br>certificar competencias metodol\u00f3gicas en la ense\u00f1anza de lenguas.<\/p>\n\n\n\n<p>Posterior a la develaci\u00f3n de la placa conmemorativa, las autoridades realizaron el<br>recorrido por las instalaciones que integra oficinas, cub\u00edculos para maestros de<br>licenciatura y bachillerato, los salones did\u00e1cticos, as\u00ed como el Centro de<br>Capacitaci\u00f3n Continua.<\/p>\n","protected":false},"excerpt":{"rendered":"<p>SALTILLO, Coahuila. 21 de junio de 2022.- Luego del anuncio, el pasado mes denoviembre de 2021, de la apertura del Instituto de Ense\u00f1anza en LenguasExtranjeras en la Universidad Aut\u00f3noma de Coahuila, este martes fue inauguradoel edificio que albergar\u00e1 a las primeras generaciones del plantel que inician clasesel pr\u00f3ximo ciclo escolar en agosto-diciembre de 2022. El rector de la m\u00e1xima casa de estudios, Salvador Hern\u00e1ndez V\u00e9lez, fue quieninaugur\u00f3 el espacio que&#8230;<\/p>\n","protected":false},"author":1,"featured_media":9444,"comment_status":"closed","ping_status":"closed","sticky":false,"template":"","format":"standard","meta":{"footnotes":""},"categories":[2],"tags":[],"class_list":["post-9443","post","type-post","status-publish","format-standard","has-post-thumbnail","hentry","category-uadec","wpcat-2-id"],"_links":{"self":[{"href":"https:\/\/www.aquilaguna.com\/index.php\/wp-json\/wp\/v2\/posts\/9443","targetHints":{"allow":["GET"]}}],"collection":[{"href":"https:\/\/www.aquilaguna.com\/index.php\/wp-json\/wp\/v2\/posts"}],"about":[{"href":"https:\/\/www.aquilaguna.com\/index.php\/wp-json\/wp\/v2\/types\/post"}],"author":[{"embeddable":true,"href":"https:\/\/www.aquilaguna.com\/index.php\/wp-json\/wp\/v2\/users\/1"}],"replies":[{"embeddable":true,"href":"https:\/\/www.aquilaguna.com\/index.php\/wp-json\/wp\/v2\/comments?post=9443"}],"version-history":[{"count":1,"href":"https:\/\/www.aquilaguna.com\/index.php\/wp-json\/wp\/v2\/posts\/9443\/revisions"}],"predecessor-version":[{"id":9445,"href":"https:\/\/www.aquilaguna.com\/index.php\/wp-json\/wp\/v2\/posts\/9443\/revisions\/9445"}],"wp:featuredmedia":[{"embeddable":true,"href":"https:\/\/www.aquilaguna.com\/index.php\/wp-json\/wp\/v2\/media\/9444"}],"wp:attachment":[{"href":"https:\/\/www.aquilaguna.com\/index.php\/wp-json\/wp\/v2\/media?parent=9443"}],"wp:term":[{"taxonomy":"category","embeddable":true,"href":"https:\/\/www.aquilaguna.com\/index.php\/wp-json\/wp\/v2\/categories?post=9443"},{"taxonomy":"post_tag","embeddable":true,"href":"https:\/\/www.aquilaguna.com\/index.php\/wp-json\/wp\/v2\/tags?post=9443"}],"curies":[{"name":"wp","href":"https:\/\/api.w.org\/{rel}","templated":true}]}}