{"id":9466,"date":"2022-06-22T17:58:21","date_gmt":"2022-06-22T22:58:21","guid":{"rendered":"https:\/\/www.aquilaguna.com\/?p=9466"},"modified":"2022-06-22T17:58:22","modified_gmt":"2022-06-22T22:58:22","slug":"crean-red-de-apoyo-utt-para-apoyar-a-estudiantes-de-la-laguna-en-coahuila-en-desarrollo-social-y-emocional","status":"publish","type":"post","link":"https:\/\/www.aquilaguna.com\/index.php\/2022\/06\/22\/crean-red-de-apoyo-utt-para-apoyar-a-estudiantes-de-la-laguna-en-coahuila-en-desarrollo-social-y-emocional\/","title":{"rendered":"<strong>CREAN RED DE APOYO UTT PARA APOYAR A ESTUDIANTES DE LA LAGUNA, EN COAHUILA, EN DESARROLLO SOCIAL Y EMOCIONAL<\/strong>"},"content":{"rendered":"\n<p>Torre\u00f3n, Coahuila de Zaragoza; a 22 de Junio de 2022.- En la Universidad Tecnol\u00f3gica de Torre\u00f3n se realiz\u00f3 la firma de acuerdo para la creaci\u00f3n de la Red de Apoyo UTT, con la colaboraci\u00f3n de 25 profesionales en salud mental de la regi\u00f3n, que por indicaciones del Secretario de Educaci\u00f3n del Estado, Francisco Saracho Navarro, servir\u00e1 para apoyar a los estudiantes en su desarrollo social y emocional.<\/p>\n\n\n\n<p>La firma estuvo encabezada por el rector Ra\u00fal Mart\u00ednez Hern\u00e1ndez junto a Ricardo Gonz\u00e1lez Hern\u00e1ndez, Enrique Rocha Rocha, Eduardo Lozoya Ram\u00edrez, Elizabeth \u00c1lvarez Anguiano, F\u00e9lix Sifuentes Santiago, Lucero Cruz L\u00f3pez, Luis Jaramillo Gonz\u00e1lez, Mayra Moreno V\u00e1zquez, Nishme Ramos Hern\u00e1ndez, Aurelio Alvarado Luj\u00e1n, Perla Favela Garc\u00eda, Jos\u00e9 Valenzuela Tovar, Yolanda Valdez Bonilla, Celia de Lara Silos, de A.C. \u201c\u00c1mate Mujer\u201d; Ilse Nolasco, de Santiago, de A.C. &#8220;Centro de Crecimiento y Desarrollo para la Mujer CECDEM&#8221;.<\/p>\n\n\n\n<p>Tambi\u00e9n Lynda Qui\u00f1ones Marrero; Laura Barraza Sifuentes, de AC. Club Rotario de Torre\u00f3n Centenario; Beatriz Acosta Ort\u00edz, de Asociaci\u00f3n Lagunera de Tanatolog\u00eda A.C; Linda Madera Vargas y Pedro Alfonso Rangel, de Psicolog\u00eda Jur\u00eddica; y Enrique Rocha Rocha, de Centros de Integraci\u00f3n Juvenil AC.<\/p>\n\n\n\n<p>&#8220;En ustedes vemos gente con el deseo de aportar su experiencia y profesionalismo a nuestros j\u00f3venes, que el d\u00eda de ma\u00f1ana ser\u00e1n grandes empresarios o que se destacar\u00e1n en su \u00e1rea, y que todo ser\u00e1 gracias al apoyo en el momento oportuno de ustedes. Sientan esta universidad como parte suya&#8221;, afirm\u00f3 el rector Ra\u00fal Mart\u00ednez.<\/p>\n\n\n\n<p>Mediante esta red se podr\u00e1n desarrollar eventos como conferencias, pl\u00e1ticas, talleres, grupos de apoyo, terapia y exposiciones. La finalidad es apoyar a estudiantes de la Universidad Tecnol\u00f3gica de Torre\u00f3n, as\u00ed como j\u00f3venes de instituciones de Educaci\u00f3n Media Superior, tanto p\u00fablicos como privados, con quienes tiene contacto la instituci\u00f3n.<\/p>\n","protected":false},"excerpt":{"rendered":"<p>Torre\u00f3n, Coahuila de Zaragoza; a 22 de Junio de 2022.- En la Universidad Tecnol\u00f3gica de Torre\u00f3n se realiz\u00f3 la firma de acuerdo para la creaci\u00f3n de la Red de Apoyo UTT, con la colaboraci\u00f3n de 25 profesionales en salud mental de la regi\u00f3n, que por indicaciones del Secretario de Educaci\u00f3n del Estado, Francisco Saracho Navarro, servir\u00e1 para apoyar a los estudiantes en su desarrollo social y emocional. La firma estuvo&#8230;<\/p>\n","protected":false},"author":1,"featured_media":9467,"comment_status":"closed","ping_status":"closed","sticky":false,"template":"","format":"standard","meta":{"footnotes":""},"categories":[5,9,28,7,89],"tags":[],"class_list":["post-9466","post","type-post","status-publish","format-standard","has-post-thumbnail","hentry","category-coahuila","category-educacion","category-la-laguna","category-torreon","category-utt","wpcat-5-id","wpcat-9-id","wpcat-28-id","wpcat-7-id","wpcat-89-id"],"_links":{"self":[{"href":"https:\/\/www.aquilaguna.com\/index.php\/wp-json\/wp\/v2\/posts\/9466","targetHints":{"allow":["GET"]}}],"collection":[{"href":"https:\/\/www.aquilaguna.com\/index.php\/wp-json\/wp\/v2\/posts"}],"about":[{"href":"https:\/\/www.aquilaguna.com\/index.php\/wp-json\/wp\/v2\/types\/post"}],"author":[{"embeddable":true,"href":"https:\/\/www.aquilaguna.com\/index.php\/wp-json\/wp\/v2\/users\/1"}],"replies":[{"embeddable":true,"href":"https:\/\/www.aquilaguna.com\/index.php\/wp-json\/wp\/v2\/comments?post=9466"}],"version-history":[{"count":1,"href":"https:\/\/www.aquilaguna.com\/index.php\/wp-json\/wp\/v2\/posts\/9466\/revisions"}],"predecessor-version":[{"id":9468,"href":"https:\/\/www.aquilaguna.com\/index.php\/wp-json\/wp\/v2\/posts\/9466\/revisions\/9468"}],"wp:featuredmedia":[{"embeddable":true,"href":"https:\/\/www.aquilaguna.com\/index.php\/wp-json\/wp\/v2\/media\/9467"}],"wp:attachment":[{"href":"https:\/\/www.aquilaguna.com\/index.php\/wp-json\/wp\/v2\/media?parent=9466"}],"wp:term":[{"taxonomy":"category","embeddable":true,"href":"https:\/\/www.aquilaguna.com\/index.php\/wp-json\/wp\/v2\/categories?post=9466"},{"taxonomy":"post_tag","embeddable":true,"href":"https:\/\/www.aquilaguna.com\/index.php\/wp-json\/wp\/v2\/tags?post=9466"}],"curies":[{"name":"wp","href":"https:\/\/api.w.org\/{rel}","templated":true}]}}