{"id":9487,"date":"2022-06-23T12:01:17","date_gmt":"2022-06-23T17:01:17","guid":{"rendered":"https:\/\/www.aquilaguna.com\/?p=9487"},"modified":"2022-06-23T12:01:17","modified_gmt":"2022-06-23T17:01:17","slug":"monitoreo-constante-en-nudo-mixteco-por-filtracion-de-agua","status":"publish","type":"post","link":"https:\/\/www.aquilaguna.com\/index.php\/2022\/06\/23\/monitoreo-constante-en-nudo-mixteco-por-filtracion-de-agua\/","title":{"rendered":"Monitoreo constante en Nudo Mixteco por filtraci\u00f3n de agua."},"content":{"rendered":"\n<p>Torre\u00f3n, Coahuila.- Bajo\u00a0 monitoreo\u00a0 constante, las filtraciones provenientes\u00a0 del canal de riego que alcanza\u00a0 su convergencia con\u00a0 el Sistema Vial del Nudo Mixteco, en prevenci\u00f3n de que se registre da\u00f1os de consideraci\u00f3n en tal infraestructura sobre la que se registra en esta ciudad, intenso aforo veh\u00edcular.\u00a0\u00a0\u00a0<\/p>\n\n\n\n<p>Indic\u00f3 el Ingeniero\u00a0 Von Bertrab, titular de la Direcci\u00f3n de Obras P\u00fablicas \u00a0 que desde el pasado d\u00eda 4 de abril se encuentra detectada tal fuga, habi\u00e9ndose enviado el oficio de informaci\u00f3n correspondiente a la CONAGUA,\u00a0 y realizando un dictamen\u00a0 por parte de Protecci\u00f3n Civil.<\/p>\n\n\n\n<p>Nosotros, afirm\u00f3,\u00a0 &#8220;estuvimos con personal de Obras P\u00fablicas\u00a0 el d\u00eda 6 de abril haciendo los estudios correspondientes&#8221;.<\/p>\n\n\n\n<p>&#8220;Fue el d\u00eda 6 de junio del presente cuando nos da contestaci\u00f3n en la\u00a0 que\u00a0 la\u00a0 CONAGUA seguir\u00e1 monitoreando este\u00a0 tema,\u00a0 mismo que ha sido recurrente \u00a0 cada\u00a0 vez que se suelta aguas de gravedad\u00a0 \u00a0 procedente de las presas\u00a0se ha registrado esta filtraci\u00f3n en el Nudo Mixteco&#8221;.<\/p>\n\n\n\n<p>Record\u00f3 que, &#8220;el sistema constructivo tiene un muro de contenci\u00f3n y tras el mismo tiene un filtro, que es precisamente para eso,\u00a0 para que cualquier concentraci\u00f3n de agua, bien sea\u00a0 de lluvia o superficial\u00a0 interna sea filtrada hacia abajo de la estructura y no comprometa la misma&#8221;.<\/p>\n\n\n\n<p>Sin embargo, indic\u00f3 el funcionario,  &#8220;eso, no\u00a0 nos coloca fuera de la raz\u00f3n, de tener que estar\u00a0 monitoreando&#8221;.<\/p>\n\n\n\n<p>&#8220;Eso, lo hemos seguido\u00a0 reuni\u00e9ndome con el Delegado Eduardo Fuentes, platicando el tema y el compromiso de \u00e9l, es que cuando se termine el ciclo de riegos, para finales de julio,  van a reparar ese canal&#8221;.\u00a0<\/p>\n\n\n\n<p>Explic\u00f3\u00a0 que, &#8220;aparentemente\u00a0 se hace evidente que cada vez que se suelta el agua, por tal canal, hay filtraci\u00f3n. En la revisi\u00f3n visual de los puentes, lo que advertimos es que la rasante del agua, va por encima del concreto del canal, eso significa que tenemos filtraciones\u00a0 hacia atr\u00e1s de la canal y por lo tanto llega hasta la pared del Nudo Mixteco&#8221;.<\/p>\n\n\n\n<p>&#8220;De hecho, la parte superior, ya tenemos una deflexi\u00f3n, que reconocemos de forma transversal,\u00a0 y ese peque\u00f1o hundimiento no compromete la calle, pero sin embargo eso, nos habla de la presencia de humedad en la parte de arriba&#8221;.<\/p>\n\n\n\n<p>Por lo pronto afirm\u00f3 el funcionario,  &#8220;no est\u00e1 comprometida la estructura, si bien no sabemos la de parte del Canal. Nosotros no lo hemos revisado pues ello, corresponde a CONAGUA totalmente. Pero afirmo que el Puente del Nudo Mixteco\u00a0 no se encuentra comprometido&#8221;.<\/p>\n\n\n\n<p>&#8220;Hemos pedido, el forma verbal a la CONAGUA que la rasante del agua sobrepasa el concreto del canal, por lo que se pudiera bajar el nivel, pero ellos argumentan\u00a0 que esa es la capacidad del canal&#8221;.<\/p>\n\n\n\n<p>&#8220;La reparaci\u00f3n\u00a0 corresponden al \u00e1mbito federal, se registran en un terreno federal, pues los canales de riego son \u00e1reas donde nosotros, no intervenimos. Son\u00a0 un tema federal&#8221;.<\/p>\n\n\n\n<p>En cuanto a potencial afectaci\u00f3n a la Colonia residencial aleda\u00f1a al sitio del presunto da\u00f1o, \u00a0 el entrevistado indic\u00f3 que, &#8220;CONAGUA est\u00e1 revisando tal tema de forma exhaustiva&#8221;.<\/p>\n\n\n\n<p>En cuanto medidas preventivas en torno al caso, expreso que, &#8220;nosotros estamos monitoreando constantemente, cada vez mandando\u00a0 mas gente, y\u00a0 el caso de registrar una filtraci\u00f3n mayor y en caso de suceder, inmediatamente tomar\u00edan\u00a0 medidas y conminaremos a CONAGUA a que cierre el flujo del agua&#8221;.<\/p>\n\n\n\n<p>Luego\u00a0 indic\u00f3 que, &#8220;el sistema de bombeo que tiene el Nudo Mixteco\u00a0 no ha sido arrancado todav\u00eda, dado que la filtraci\u00f3n es aun menor, la cual se desaloja a trav\u00e9s de las bocas de tormenta, afirmado luego que el problema\u00a0 se\u00a0 genera en el canal, y es \u00e9ste el que debe de ser revisado\u00a0 a fondo, lo que nosotros, Obras P\u00fablicas no hemos hecho. Toda vez que\u00a0 no es de nuestra competencia&#8221;.<\/p>\n","protected":false},"excerpt":{"rendered":"<p>Torre\u00f3n, Coahuila.- Bajo\u00a0 monitoreo\u00a0 constante, las filtraciones provenientes\u00a0 del canal de riego que alcanza\u00a0 su convergencia con\u00a0 el Sistema Vial del Nudo Mixteco, en prevenci\u00f3n de que se registre da\u00f1os de consideraci\u00f3n en tal infraestructura sobre la que se registra en esta ciudad, intenso aforo veh\u00edcular.\u00a0\u00a0\u00a0 Indic\u00f3 el Ingeniero\u00a0 Von Bertrab, titular de la Direcci\u00f3n de Obras P\u00fablicas \u00a0 que desde el pasado d\u00eda 4 de abril se encuentra detectada&#8230;<\/p>\n","protected":false},"author":2,"featured_media":0,"comment_status":"closed","ping_status":"","sticky":false,"template":"","format":"standard","meta":{"footnotes":""},"categories":[32,5,31,28,7],"tags":[],"class_list":["post-9487","post","type-post","status-publish","format-standard","hentry","category-agua","category-coahuila","category-gobierno-federal","category-la-laguna","category-torreon","wpcat-32-id","wpcat-5-id","wpcat-31-id","wpcat-28-id","wpcat-7-id"],"_links":{"self":[{"href":"https:\/\/www.aquilaguna.com\/index.php\/wp-json\/wp\/v2\/posts\/9487","targetHints":{"allow":["GET"]}}],"collection":[{"href":"https:\/\/www.aquilaguna.com\/index.php\/wp-json\/wp\/v2\/posts"}],"about":[{"href":"https:\/\/www.aquilaguna.com\/index.php\/wp-json\/wp\/v2\/types\/post"}],"author":[{"embeddable":true,"href":"https:\/\/www.aquilaguna.com\/index.php\/wp-json\/wp\/v2\/users\/2"}],"replies":[{"embeddable":true,"href":"https:\/\/www.aquilaguna.com\/index.php\/wp-json\/wp\/v2\/comments?post=9487"}],"version-history":[{"count":1,"href":"https:\/\/www.aquilaguna.com\/index.php\/wp-json\/wp\/v2\/posts\/9487\/revisions"}],"predecessor-version":[{"id":9488,"href":"https:\/\/www.aquilaguna.com\/index.php\/wp-json\/wp\/v2\/posts\/9487\/revisions\/9488"}],"wp:attachment":[{"href":"https:\/\/www.aquilaguna.com\/index.php\/wp-json\/wp\/v2\/media?parent=9487"}],"wp:term":[{"taxonomy":"category","embeddable":true,"href":"https:\/\/www.aquilaguna.com\/index.php\/wp-json\/wp\/v2\/categories?post=9487"},{"taxonomy":"post_tag","embeddable":true,"href":"https:\/\/www.aquilaguna.com\/index.php\/wp-json\/wp\/v2\/tags?post=9487"}],"curies":[{"name":"wp","href":"https:\/\/api.w.org\/{rel}","templated":true}]}}