{"id":9497,"date":"2022-06-23T18:55:42","date_gmt":"2022-06-23T23:55:42","guid":{"rendered":"https:\/\/www.aquilaguna.com\/?p=9497"},"modified":"2022-06-23T18:55:43","modified_gmt":"2022-06-23T23:55:43","slug":"inicia-en-matamoros-y-viesca-clases-de-preparatoria-abierta-el-cjem-coahuila","status":"publish","type":"post","link":"https:\/\/www.aquilaguna.com\/index.php\/2022\/06\/23\/inicia-en-matamoros-y-viesca-clases-de-preparatoria-abierta-el-cjem-coahuila\/","title":{"rendered":"INICIA EN MATAMOROS Y VIESCA CLASES DE PREPARATORIA ABIERTA EL CJEM COAHUILA."},"content":{"rendered":"\n<p>Matamoros, Coahuila de Zaragoza; a 23 de Junio de 2022.- El Centro de Justicia y Empoderamiento para las Mujeres del Estado (CJEM) en Matamoros llev\u00f3 a cabo el arranque de los grupos de preparatoria abierta para las mujeres.<\/p>\n\n\n\n<p>Mar\u00eda Nelly Zavala Cervantes, coordinadora del CJEM en Matamoros, expres\u00f3 que se realiz\u00f3 el evento de inicio de clases de preparatoria abierta para las mujeres en el Ejido \u201cMieleras\u201d, en el Municipio de Viesca, as\u00ed como tambi\u00e9n en las instalaciones del CJEM Matamoros.<\/p>\n\n\n\n<p>Se\u00f1al\u00f3 que el evento realizado en \u201cMieleras\u201d cont\u00f3 con la participaci\u00f3n de la Coordinadora Regional junto con el instructor Jos\u00e9 Mar\u00eda Cardona, as\u00ed como de las 17 alumnas que tomaran las clases en la localidad.<\/p>\n\n\n\n<p>Mientras que en las instalaciones del CJEM Matamoros ser\u00e1n 30 las alumnas que participar\u00e1n en el curso.<\/p>\n\n\n\n<p>El Centro de Justicia y Empoderamiento para las Mujeres en Matamoros opera atendiendo la pol\u00edtica de Cero Tolerancia a la Violencia Contra las Mujeres y Ni\u00f1as implementada por el gobernador Miguel \u00c1ngel Riquelme Sol\u00eds, por lo que trabaja para que las mujeres cuenten con los mecanismos necesarios y accedan mediante \u00e9stos a una vida digna y libre de violencia.<\/p>\n","protected":false},"excerpt":{"rendered":"<p>Matamoros, Coahuila de Zaragoza; a 23 de Junio de 2022.- El Centro de Justicia y Empoderamiento para las Mujeres del Estado (CJEM) en Matamoros llev\u00f3 a cabo el arranque de los grupos de preparatoria abierta para las mujeres. Mar\u00eda Nelly Zavala Cervantes, coordinadora del CJEM en Matamoros, expres\u00f3 que se realiz\u00f3 el evento de inicio de clases de preparatoria abierta para las mujeres en el Ejido \u201cMieleras\u201d, en el Municipio&#8230;<\/p>\n","protected":false},"author":1,"featured_media":9498,"comment_status":"closed","ping_status":"closed","sticky":false,"template":"","format":"standard","meta":{"footnotes":""},"categories":[5,9,48,15,28,67,45],"tags":[],"class_list":["post-9497","post","type-post","status-publish","format-standard","has-post-thumbnail","hentry","category-coahuila","category-educacion","category-genero","category-gobierno-de-coahuila","category-la-laguna","category-matamoros","category-viesca","wpcat-5-id","wpcat-9-id","wpcat-48-id","wpcat-15-id","wpcat-28-id","wpcat-67-id","wpcat-45-id"],"_links":{"self":[{"href":"https:\/\/www.aquilaguna.com\/index.php\/wp-json\/wp\/v2\/posts\/9497","targetHints":{"allow":["GET"]}}],"collection":[{"href":"https:\/\/www.aquilaguna.com\/index.php\/wp-json\/wp\/v2\/posts"}],"about":[{"href":"https:\/\/www.aquilaguna.com\/index.php\/wp-json\/wp\/v2\/types\/post"}],"author":[{"embeddable":true,"href":"https:\/\/www.aquilaguna.com\/index.php\/wp-json\/wp\/v2\/users\/1"}],"replies":[{"embeddable":true,"href":"https:\/\/www.aquilaguna.com\/index.php\/wp-json\/wp\/v2\/comments?post=9497"}],"version-history":[{"count":1,"href":"https:\/\/www.aquilaguna.com\/index.php\/wp-json\/wp\/v2\/posts\/9497\/revisions"}],"predecessor-version":[{"id":9499,"href":"https:\/\/www.aquilaguna.com\/index.php\/wp-json\/wp\/v2\/posts\/9497\/revisions\/9499"}],"wp:featuredmedia":[{"embeddable":true,"href":"https:\/\/www.aquilaguna.com\/index.php\/wp-json\/wp\/v2\/media\/9498"}],"wp:attachment":[{"href":"https:\/\/www.aquilaguna.com\/index.php\/wp-json\/wp\/v2\/media?parent=9497"}],"wp:term":[{"taxonomy":"category","embeddable":true,"href":"https:\/\/www.aquilaguna.com\/index.php\/wp-json\/wp\/v2\/categories?post=9497"},{"taxonomy":"post_tag","embeddable":true,"href":"https:\/\/www.aquilaguna.com\/index.php\/wp-json\/wp\/v2\/tags?post=9497"}],"curies":[{"name":"wp","href":"https:\/\/api.w.org\/{rel}","templated":true}]}}