{"id":9502,"date":"2022-06-23T18:59:17","date_gmt":"2022-06-23T23:59:17","guid":{"rendered":"https:\/\/www.aquilaguna.com\/?p=9502"},"modified":"2022-06-23T18:59:17","modified_gmt":"2022-06-23T23:59:17","slug":"se-graduan-alumnos-de-la-division-de-estudios-superiores-del-instituto-18-de-marzo","status":"publish","type":"post","link":"https:\/\/www.aquilaguna.com\/index.php\/2022\/06\/23\/se-graduan-alumnos-de-la-division-de-estudios-superiores-del-instituto-18-de-marzo\/","title":{"rendered":"SE GRAD\u00daAN ALUMNOS DE LA DIVISI\u00d3N DE ESTUDIOS SUPERIORES DEL INSTITUTO \u201c18 DE MARZO\u201d."},"content":{"rendered":"\n<p>Comarca Lagunera.\u2013 M\u00e1s de 400 alumnas y alumnos de la Divisi\u00f3n de Estudios<br>Superiores del Instituto \u201c18 de marzo\u201d de las generaciones 2021 y 2022 recibieron su<br>constancia de estudios como nuevos profesionistas durante la ceremonia de<br>graduaci\u00f3n en el Centro de Convenciones Posada del R\u00edo.<\/p>\n\n\n\n<p>Lo anterior lo dio a conocer Jorge Alberto Calero Garc\u00eda, director de la Divisi\u00f3n de<br>Estudios Superiores del Instituto 18 de marzo, al precisar que debido a las medidas<br>sanitarias del Covid-19, los alumnos fueron divididos en dos grupos que asistieron en<br>diferente horario. El primero lo conformaron los estudiantes de las licenciaturas de<br>Contadur\u00eda P\u00fablica y Auditor\u00eda y en Administraci\u00f3n Industrial generaci\u00f3n 2022; en<br>tanto que al medio d\u00eda asistieron los alumnos de las licenciaturas en Contadur\u00eda<br>P\u00fablica y Auditor\u00eda, Administraci\u00f3n Industrial, Derecho y Posgrado generaci\u00f3n 2021.<\/p>\n\n\n\n<p>En su mensaje, el director de la Divisi\u00f3n de Estudios Superiores del Instituto 18 de<br>marzo, resalt\u00f3 que, gracias al esfuerzo de los alumnos, docentes y padres de familia<br>por el acompa\u00f1amiento a sus hijos, hoy se ven cristalizados sus sue\u00f1os. Reiter\u00f3 que<br>la instituci\u00f3n que preside mantiene un compromiso constante con la sociedad, para<br>dar a sus alumnos las herramientas educativas necesarias que les permitan egresar<br>con un alto nivel acad\u00e9mico, basado en valores y para participar activamente en la<br>sociedad con un esp\u00edritu de trabajo.<\/p>\n\n\n\n<p>En el pres\u00eddium se cont\u00f3 con la presencia de Mar\u00eda del Carmen \u00c1valos Durango,<br>representante personal del gobernador del Estado de Durango, Jos\u00e9 Rosas Aispuro<br>Torres; Rom\u00e1n Alberto Herrera D\u00edaz, en representaci\u00f3n del alcalde de Lerdo, Homero<br>Mart\u00ednez Cabrera; Miguel \u00c1ngel Serrano Garc\u00eda, secretario Acad\u00e9mico de la<br>Universidad Polit\u00e9cnica de G\u00f3mez Palacio; Claudia Elena Mel\u00e9ndez Aguilar,<br>representante del secretario general de la secci\u00f3n 44 del Sindicato Nacional de<br>Trabajadores de la Educaci\u00f3n; Luis Eduardo Lozano P\u00e9rez, recaudador de Rentas del<br>gobierno del Estado en G\u00f3mez Palacio; y Jorge Alberto Calero Garc\u00eda, director de la<br>Divisi\u00f3n de Estudios Superiores del Instituto 18 de marzo.<\/p>\n","protected":false},"excerpt":{"rendered":"<p>Comarca Lagunera.\u2013 M\u00e1s de 400 alumnas y alumnos de la Divisi\u00f3n de EstudiosSuperiores del Instituto \u201c18 de marzo\u201d de las generaciones 2021 y 2022 recibieron suconstancia de estudios como nuevos profesionistas durante la ceremonia degraduaci\u00f3n en el Centro de Convenciones Posada del R\u00edo. Lo anterior lo dio a conocer Jorge Alberto Calero Garc\u00eda, director de la Divisi\u00f3n deEstudios Superiores del Instituto 18 de marzo, al precisar que debido a las&#8230;<\/p>\n","protected":false},"author":1,"featured_media":9503,"comment_status":"closed","ping_status":"closed","sticky":false,"template":"","format":"standard","meta":{"footnotes":""},"categories":[40,9,64,28],"tags":[],"class_list":["post-9502","post","type-post","status-publish","format-standard","has-post-thumbnail","hentry","category-durango","category-educacion","category-gobierno-de-durango","category-la-laguna","wpcat-40-id","wpcat-9-id","wpcat-64-id","wpcat-28-id"],"_links":{"self":[{"href":"https:\/\/www.aquilaguna.com\/index.php\/wp-json\/wp\/v2\/posts\/9502","targetHints":{"allow":["GET"]}}],"collection":[{"href":"https:\/\/www.aquilaguna.com\/index.php\/wp-json\/wp\/v2\/posts"}],"about":[{"href":"https:\/\/www.aquilaguna.com\/index.php\/wp-json\/wp\/v2\/types\/post"}],"author":[{"embeddable":true,"href":"https:\/\/www.aquilaguna.com\/index.php\/wp-json\/wp\/v2\/users\/1"}],"replies":[{"embeddable":true,"href":"https:\/\/www.aquilaguna.com\/index.php\/wp-json\/wp\/v2\/comments?post=9502"}],"version-history":[{"count":1,"href":"https:\/\/www.aquilaguna.com\/index.php\/wp-json\/wp\/v2\/posts\/9502\/revisions"}],"predecessor-version":[{"id":9504,"href":"https:\/\/www.aquilaguna.com\/index.php\/wp-json\/wp\/v2\/posts\/9502\/revisions\/9504"}],"wp:featuredmedia":[{"embeddable":true,"href":"https:\/\/www.aquilaguna.com\/index.php\/wp-json\/wp\/v2\/media\/9503"}],"wp:attachment":[{"href":"https:\/\/www.aquilaguna.com\/index.php\/wp-json\/wp\/v2\/media?parent=9502"}],"wp:term":[{"taxonomy":"category","embeddable":true,"href":"https:\/\/www.aquilaguna.com\/index.php\/wp-json\/wp\/v2\/categories?post=9502"},{"taxonomy":"post_tag","embeddable":true,"href":"https:\/\/www.aquilaguna.com\/index.php\/wp-json\/wp\/v2\/tags?post=9502"}],"curies":[{"name":"wp","href":"https:\/\/api.w.org\/{rel}","templated":true}]}}