{"id":9513,"date":"2022-06-24T18:25:03","date_gmt":"2022-06-24T23:25:03","guid":{"rendered":"https:\/\/www.aquilaguna.com\/?p=9513"},"modified":"2022-06-24T18:25:04","modified_gmt":"2022-06-24T23:25:04","slug":"invita-uadec-al-santo-cristo-fest-caminemos-juntos","status":"publish","type":"post","link":"https:\/\/www.aquilaguna.com\/index.php\/2022\/06\/24\/invita-uadec-al-santo-cristo-fest-caminemos-juntos\/","title":{"rendered":"Invita UAdeC al \u201cSanto Cristo Fest\u2013Caminemos Juntos\u201d."},"content":{"rendered":"\n<p>SALTILLO, Coahuila. 24 de junio de 2022.- La Universidad Aut\u00f3noma de Coahuila<br>a trav\u00e9s de la Coordinaci\u00f3n General de Difusi\u00f3n y Patrimonio Cultural en conjunto<br>con la Catedral de Saltillo, la Secretar\u00eda de Cultura del Gobierno del Estado y el<br>Instituto Municipal de Cultura invitan al p\u00fablico en general al \u201cSanto Cristo<br>Fest\u2013Caminemos Juntos\u201d, que se llevar\u00e1 a cabo del 28 de junio al 24 julio de<br>2022.<\/p>\n\n\n\n<p>El evento se realiza en el marco de la festividad religiosa m\u00e1s grande y tradicional<br>de la ciudad de Saltillo y tiene como objetivo promover la comunicaci\u00f3n cultural,<br>art\u00edstica, human\u00edstica y espiritual de la regi\u00f3n; las actividades se realizar\u00e1n en la<br>Catedral de Santiago de Saltillo.<\/p>\n\n\n\n<p>En conferencia de prensa dieron a conocer los detalles del evento, la coordinadora<br>general de Difusi\u00f3n y Patrimonio Cultural de la UAdeC, Ana Sof\u00eda Rodr\u00edguez<br>Cepeda, el subsecretario de Museos e Historia de la Secretar\u00eda de Cultura del<br>Gobierno del Estado, Andr\u00e9s Mendoza Salas, del Instituto Municipal de Cultura,<br>Gabriela Romo Pinto y el vicario de la Catedral, el presb\u00edtero David Ernesto L\u00f3pez<br>Ram\u00edrez.<\/p>\n\n\n\n<p>Se\u00f1alaron que la Catedral de Saltillo es una joya de arte, que ha acompa\u00f1ado la<br>vida de los saltillenses por generaciones y en el marco de la celebraci\u00f3n m\u00e1s<br>arraigada de la ciudad, es oportuno ofrecer a la ciudadan\u00eda en general un espacio<br>de arte y cultura, adem\u00e1s de conocer y valorar m\u00e1s este edificio emblem\u00e1tico y las<br>ra\u00edces de la ciudad.<\/p>\n\n\n\n<p>La coordinadora de Difusi\u00f3n y Patrimonio Cultura de la UAdeC, Ana Sof\u00eda<br>Rodr\u00edguez Cepeda, expres\u00f3 que en la m\u00e1xima casa de estudios se tiene muy<br>claro que el papel de la cultura es fundamental para favorecer la formaci\u00f3n de<br>personas educadas integralmente y que la hermandad entre la Catedral y la<br>Universidad no es nueva, pero al d\u00eda de hoy se consolida al trabajar mano a mano<br>en este proyecto que involucrar\u00e1 a una gran cantidad de personas, propiciando el<br>acercamiento de j\u00f3venes y adultos a la cultura.<\/p>\n\n\n\n<p>Informaron que el programa de actividades ser\u00e1 el siguiente: el 28 de junio a las<br>19:30 horas se llevar\u00e1 a cabo la inauguraci\u00f3n y a las 20:00 se impartir\u00e1 la<br>conferencia \u201cEl Santo Cristo de Saltillo y su capilla: Historia, tradici\u00f3n y fe\u201d, esto en<br>la Capilla del Santo Cristo; el 5 de julio a las 20:00 horas tendr\u00e1 lugar la charla<br>\u201cParroquias de Santiago de Saltillo y San Esteban de la Nueva Tlaxcala, un s\u00ednodo<br>de fe\u201d en la Capilla del Santo Cristo; el 7 de julio a las 20:00 en la Catedral de Santiago se llevar\u00e1 a cabo el concierto \u201cFantas\u00eda del rock\u201d a cargo del grupo \u201cEnsamble de Guitarras de C\u00e1mara\u201d de la UAdeC.<\/p>\n\n\n\n<p>Mientras qu\u00e9, el 12 de julio a las 12:00 horas en Casa Purcell se realizar\u00e1n las<br>exposiciones Arte Sacro \u201cPlater\u00eda contempor\u00e1nea del Santo Cristo\u201d y \u201cEl color en<br>la pintura novohispana del siglo XVIII\u201d y a las 20:00 en la Capilla del Santo Cristo<br>se impartir\u00e1 la conferencia \u201cEl se\u00f1or de la capilla; Estrategia pacificadora del<br>caballero Santos Rojos\u201d.<\/p>\n\n\n\n<p>Por otro lado, el 14 de julio a las 20:00 horas en la Catedral de Santiago se llevar\u00e1<br>a cabo el concierto \u201cStabat Mater\u201d; a las 20:00 en la Capilla del Santo Cristo se<br>contar\u00e1 con la conferencia \u201cEl culto del Santo Cristo en el siglo XII\u201d a cargo de la<br>maestra Juana Gabriela Rom\u00e1n J\u00e1ques, investigadora de la Facultad de Ciencias<br>Sociales de la UAdeC; el 23 de julio en la Catedral de Santiago a las 20:00 horas<br>se tendr\u00e1 el concierto \u201cM\u00e9xico por siempre\u201d y las actividades finalizan el 24 de julio<br>con el concierto de campanas \u201cSanto Cristo habla\u201d a las 20:00 horas en el atrio de<br>la Catedral de Santiago y calles colindantes.<\/p>\n\n\n\n<p>Todas las actividades ser\u00e1n presenciales con el aforo permitido en la Catedral de<br>Santiago, el uso de cubrebocas ser\u00e1 obligatorio; para quienes no puedan asistir de<br>manera presencial, se realizar\u00e1n transmisiones en vivo por medio las redes<br>sociales, que se podr\u00e1n seguir a trav\u00e9s de la p\u00e1gina de Facebook \u201cSanto Cristo<br>Saltillo\u201d, la transmisi\u00f3n ser\u00e1 de manera simult\u00e1nea en las redes sociales de<br>Difusi\u00f3n y Patrimonio Cultural de la Universidad Aut\u00f3noma de Coahuila, la<br>Secretar\u00eda de Cultura de Coahuila, y del Instituto Municipal de Cultura.<\/p>\n","protected":false},"excerpt":{"rendered":"<p>SALTILLO, Coahuila. 24 de junio de 2022.- La Universidad Aut\u00f3noma de Coahuilaa trav\u00e9s de la Coordinaci\u00f3n General de Difusi\u00f3n y Patrimonio Cultural en conjuntocon la Catedral de Saltillo, la Secretar\u00eda de Cultura del Gobierno del Estado y elInstituto Municipal de Cultura invitan al p\u00fablico en general al \u201cSanto CristoFest\u2013Caminemos Juntos\u201d, que se llevar\u00e1 a cabo del 28 de junio al 24 julio de2022. El evento se realiza en el marco&#8230;<\/p>\n","protected":false},"author":1,"featured_media":9514,"comment_status":"closed","ping_status":"closed","sticky":false,"template":"","format":"standard","meta":{"footnotes":""},"categories":[2],"tags":[],"class_list":["post-9513","post","type-post","status-publish","format-standard","has-post-thumbnail","hentry","category-uadec","wpcat-2-id"],"_links":{"self":[{"href":"https:\/\/www.aquilaguna.com\/index.php\/wp-json\/wp\/v2\/posts\/9513","targetHints":{"allow":["GET"]}}],"collection":[{"href":"https:\/\/www.aquilaguna.com\/index.php\/wp-json\/wp\/v2\/posts"}],"about":[{"href":"https:\/\/www.aquilaguna.com\/index.php\/wp-json\/wp\/v2\/types\/post"}],"author":[{"embeddable":true,"href":"https:\/\/www.aquilaguna.com\/index.php\/wp-json\/wp\/v2\/users\/1"}],"replies":[{"embeddable":true,"href":"https:\/\/www.aquilaguna.com\/index.php\/wp-json\/wp\/v2\/comments?post=9513"}],"version-history":[{"count":1,"href":"https:\/\/www.aquilaguna.com\/index.php\/wp-json\/wp\/v2\/posts\/9513\/revisions"}],"predecessor-version":[{"id":9515,"href":"https:\/\/www.aquilaguna.com\/index.php\/wp-json\/wp\/v2\/posts\/9513\/revisions\/9515"}],"wp:featuredmedia":[{"embeddable":true,"href":"https:\/\/www.aquilaguna.com\/index.php\/wp-json\/wp\/v2\/media\/9514"}],"wp:attachment":[{"href":"https:\/\/www.aquilaguna.com\/index.php\/wp-json\/wp\/v2\/media?parent=9513"}],"wp:term":[{"taxonomy":"category","embeddable":true,"href":"https:\/\/www.aquilaguna.com\/index.php\/wp-json\/wp\/v2\/categories?post=9513"},{"taxonomy":"post_tag","embeddable":true,"href":"https:\/\/www.aquilaguna.com\/index.php\/wp-json\/wp\/v2\/tags?post=9513"}],"curies":[{"name":"wp","href":"https:\/\/api.w.org\/{rel}","templated":true}]}}