{"id":9544,"date":"2022-06-26T20:52:55","date_gmt":"2022-06-27T01:52:55","guid":{"rendered":"https:\/\/www.aquilaguna.com\/?p=9544"},"modified":"2022-06-26T20:52:55","modified_gmt":"2022-06-27T01:52:55","slug":"aqui-laguna-141","status":"publish","type":"post","link":"https:\/\/www.aquilaguna.com\/index.php\/2022\/06\/26\/aqui-laguna-141\/","title":{"rendered":"Aqu\u00ed Laguna."},"content":{"rendered":"\n<p>\u00a1Alea\u00a0 Jacta\u00a0 Est! Un latinajo\u00a0 para aclarar\u00a0 un tanto los tiempos de \u00e9ste \u00a0 nebuloso clima preelectoral que se cierne en Coahuila \u00a0 \u00a0 y el proceso eleccionario ya en marcha, as\u00ed sea en forma extraoficial,\u00a0 que de serlo ya lo estar\u00e1 se\u00f1alando, cual debe de ser, la autoridad electoral correspondiente. Y\u00a0 s\u00ed en efecto, &#8221; la suerte est\u00e1 echada&#8221;,\u00a0 por parte de las fuerzas pol\u00edticas\u00a0 que est\u00e1n en contienda, si bien por ahora ultimando los \u00faltimos momentos para definir y hacer publico y oficial los nombres de\u00a0 quienes habr\u00e1n de encabezar la contienda\u00a0 electoral Coahuila 2023\u00a0 que culminar\u00e1 el domingo\u00a0 4 de junio del a\u00f1o en menci\u00f3n. Habr\u00e1 mas candidatos, si sin duda, pero estos ser\u00e1n \u00a0 personajes menores que pongan si no la balanza en equilibrio, si\u00a0 el sabor al caldo de cualquier contienda pol\u00edtica que se precie de serlo.<\/p>\n\n\n\n<p>De ah\u00ed que este fin de semana del caluroso\u00a0 y seco junio\u00a0 las fuerzas\u00a0 que tendr\u00e1n como\u00a0 cabeza al Partido Revolucionario Institucional, debido a que si se configura finalmente la alianza correspondiente, habr\u00e1 de ser cabeza, toda vez que liderea en votaci\u00f3n en Coahuila, de ah\u00ed que los aliados, presuntamente el partido Acci\u00f3n Nacional\u00a0 y la Revoluci\u00f3n Democr\u00e1tica, el PRI de Coahuila,\u00a0 llevar\u00e1 mano en la designaci\u00f3n \u00a0 de la cabeza de tal alianza, en raz\u00f3n directa de la votaci\u00f3n que sum\u00f3 en la \u00faltima elecci\u00f3n celebrada en esta entidad\u00a0 en tanto que solo \u00a0 aquel que &#8220;no quiera ver&#8221;, no adivina\u00a0 el nombre de tal prospecto, que la voz\u00a0 p\u00fablica menciona\u00a0 por su nombre; Manolo Jim\u00e9nez Salinas, el saltillense, a quien se le han alineado los astros. Si la bien la tarea que adquiera\u00a0 no es cualquier cosa, pues\u00a0 en Coahuila no se jugar\u00e1 solo la gubernatura, sino la misma sobrevivencia del organismo partidista del cual forma parte,\u00a0 tarea\u00a0 que compartir\u00e1 con el PRI del Estado de M\u00e9xico.<\/p>\n\n\n\n<p>Para tal encuentro, \u00a0 el\u00a0 candidato que resulte finalmente de no\u00a0 brincar trancas, oponerse o desprenderse de tales filas quienes tambi\u00e9n dicen tener legitimo derecho a aspirar una postulaci\u00f3n de este partido\u00a0 y en los \u00faltimos meses han dado muestra de ello, por eso mismo, por ser legitima tal aspiraci\u00f3n, como es el caso del\u00a0 tambi\u00e9n saltillense diputado federal Jeric\u00f3 Abramo, o\u00a0 bien por ac\u00e1, en estas tierras laguneras, el alcalde de Torre\u00f3n Rom\u00e1n Alberto Cepeda Gonz\u00e1lez, diremos que\u00a0 tales decisiones de entrar en contienda seg\u00fan convoque el Comit\u00e9 Directivo Estatal priista a elecci\u00f3n universal y directa puede arrojar, frutos amargos, pero tambi\u00e9n\u00a0 de ser as\u00ed tal m\u00e9todo de elecci\u00f3n finalmente decida por quien manda en Coahuila arrojar\u00e1 tambi\u00e9n, si el clima donde habr\u00e1 de realizarse fuera as\u00e9ptico, est\u00e9ril -que en ninguna parte del mundo\u00a0 ni elecci\u00f3n lo es-, pues ajeno a intereses de\u00a0 \u00a0 cualquier \u00edndole, a un super candidato por dem\u00e1s fortalecido por el conocimiento y la selecci\u00f3n\u00a0 previa en las urnas. Coahuila ya ha tenido experiencias de esta \u00edndole.<\/p>\n\n\n\n<p>Pero resulta que la otra fuerzas contendiente, que encabeza MORENA,\u00a0 y a quien las siempre cuestionadas encuentas le asignan en estos d\u00edas\u00a0 un virtual empate t\u00e9cnico de\u00a0 intenciones, tambi\u00e9n se cuecen habas, pregunte por ello, bien sea al in\u00fatil e ineficaz Subsecretario de Seguridad P\u00fablica en el pa\u00eds, Ricardo S\u00f3stenes Mejia\u00a0 Berdeja o al\u00a0 ex panista calderonista \u00a0 Luis Fernando Salazar y hasta al senador Armando Guadiana Tijerina, \u00a0 sumando\u00a0 en tales filas tambi\u00e9n al licenciado Reyes Flores Hurtado, y hasta a un Javier Guerrero Garc\u00eda\u00a0 que sue\u00f1an con\u00a0 encabezar\u00a0 la lucha por el Gobierno\u00a0 de Coahuila en el ya pr\u00f3ximo 2023\u00a0 y est\u00e1n en espera, ellos tan democr\u00e1ticos, que\u00a0 una encuesta telef\u00f3nica, bien dirigida\u00a0 los designe\u00a0 como tales en tanto que &#8220;sus fuerzas&#8221;, se sacan los ojos en la feroz lucha interna que escenifican\u00a0 en sus respectivos cotos.<\/p>\n\n\n\n<p>Eso ni tan solo la fallida mega concentraci\u00f3n\u00a0 anunciada como tal \u00a0 realizada este domingo a mediod\u00eda en la poblaci\u00f3n de Francisco I. Madero, poblaci\u00f3n seleccionada, \u00a0 en afinidad a los recursos que pudiera proporcionar\u00a0 su alcalde Jonathan Avalos \u00a0 para realizar un acto que pretendi\u00f3 ser de &#8220;grandes dimensiones&#8221; y solo quedo en\u00a0 mas que modesta concentraci\u00f3n, pues\u00a0 cifras conservadoras no daban mas de tres mil asistentes al acto celebrado en &#8220;Los\u00a0 Silos&#8221; con todo y la presencia de la plana mayor del Morenismo encabezado no solo por su controversial dirigente Mario Delgado, su Secretaria General,\u00a0 Citlali Hern\u00e1ndez, y la\u00a0 triada de &#8220;corcholatas&#8221; \u00a0 como posibles candidatos presidenciales, es decir, por la jefa de Gobierno de la CDMX, Claudia Sheinbaum,\u00a0 el Secretario de Gobernaci\u00f3n \u00a0 C\u00e9sar Augusto \u00a0 muy mal orador por cierto,\u00a0 \u00a0 y el invitado sorpresa\u00a0 Ricardo Monreal, que supli\u00f3 con creces la ausencia, por enfermedad, dijeron, de Marcelo Ebrard.<\/p>\n\n\n\n<p>El zacartecano\u00a0 finalmente\u00a0 y quiz\u00e1s gracias a la intervenci\u00f3n del santo Ni\u00f1o de Atocha, santo de su devoci\u00f3n,\u00a0 logr\u00f3 subirse a tal escenario\u00a0 \u00a0 al valorarse quiz\u00e1s, el fundado temor de que \u00a0 se fuera con sus b\u00e1rtulos a otro camino que lo ubique\u00a0 en el 2024 en la presidencia de la rep\u00fablica, pero por ahora, eso no result\u00f3 as\u00ed. No por ello Monreal dej\u00f3 de\u00a0 gritar su exigencia de que\u00a0 hubiera &#8220;piso parejo en la selecci\u00f3n del candidato&#8221;, toda vez que repudia la encuesta como m\u00e9todo base de elecci\u00f3n, pronunci\u00e1ndose por avanzar en el tema de la democracia\u00a0 en la construcci\u00f3n de nuevas formas\u00a0 que elimin\u00f3 la presi\u00f3n, la\u00a0 influencia de grupos y facciones al interior del morenismo, pero resulta que no fue lejos por la respuesta, toda vez que enseguida y en su turno\u00a0 el dirigente \u00a0 Mario Delgado\u00a0 micr\u00f3fono en mano, ratific\u00f3 solo unos\u00a0 minutos despu\u00e9s\u00a0 tal arenga\u00a0 monrealista,\u00a0 y afirm\u00f3\u00a0 para que no quede duda alguna que es la encuesta, el m\u00e9todo de elecci\u00f3n para elegir dirigentes y candidatos en MORENA, de ah\u00ed que ah\u00ed mismo pereci\u00f3, la artificiosa Unidad alcanzada en este acto en la c\u00fapula morenista,\u00a0 y son\u00f3 a fracaso de inmediato&#8230;<\/p>\n\n\n\n<p>Por cierto,\u00a0 por cierto, algunos personajes priistas, todav\u00eda no acaban de deshojar la margarita, y deambulan en los actos morenistas en busca, quiz\u00e1s de\u00a0 cierto y mejor destino, de ah\u00ed que \u00e9sta\u00a0 calurosa y dominical ma\u00f1ana se vieran las caras,\u00a0 eso si,\u00a0 cubiertas sus cabezas con gorras\u00a0 con logos del partido\u00a0 mencionado al frente que repart\u00edan a todo asistente los organizadores, mismas que ser\u00edan de momento,  para que los portadores de las mismas fueran f\u00e1cilmente identificados. Con todo y ello, por ah\u00ed se vio, casi casi de ayudante de Luis Fernando Salazar, el empresario constructor Mario Flores, \u00a0 hijo del desaparecido l\u00edder\u00a0 cetemista\u00a0 Leobardo Flores Avila, al\u00a0 ex priista\u00a0 viesquense Agust\u00edn\u00a0 Castor, ex titular de Desarrollo Social en la fallida administraci\u00f3n de Jorge Zerme\u00f1o. Ah\u00ed y tambi\u00e9n a la fallida candidata de MORENA al gobierno de Durango Marina Vitela, acompa\u00f1ada por un\u00a0 grupo de j\u00f3venes uniformados con\u00a0 flamantes camisas negras, con el logo de su\u00a0 derrotada \u00a0 jefa, de la que se dice est\u00e1 a punto de recibir un\u00a0 cargo de consolaci\u00f3n, luego de que descanse quiz\u00e1s en alguna de las 23 propiedades\u00a0 inmuebles\u00a0 que le fueron se\u00f1aladas\u00a0 durante su campa\u00f1a&#8230;<\/p>\n\n\n\n<p>Y en otros temas, que los hay, este lunes dar\u00e1 inicio la vacunaci\u00f3n anticovid a menores\u00a0 que cuenten\u00a0 entre los 5 y 11 a\u00f1os de edad, seg\u00fan hayan sido registrados para tal acci\u00f3n previamente. Y\u00a0 ya nos encontramos en la quinta ola de la pandemia\u00a0 que registra un aumento de infectados en Coahuila al igual que en otras regiones del pa\u00eds. El exhorto es a no bajar aun guardia alguna en cuanto a seguir vigencia de las medidas de prevenci\u00f3n.<\/p>\n","protected":false},"excerpt":{"rendered":"<p>\u00a1Alea\u00a0 Jacta\u00a0 Est! Un latinajo\u00a0 para aclarar\u00a0 un tanto los tiempos de \u00e9ste \u00a0 nebuloso clima preelectoral que se cierne en Coahuila \u00a0 \u00a0 y el proceso eleccionario ya en marcha, as\u00ed sea en forma extraoficial,\u00a0 que de serlo ya lo estar\u00e1 se\u00f1alando, cual debe de ser, la autoridad electoral correspondiente. Y\u00a0 s\u00ed en efecto, &#8221; la suerte est\u00e1 echada&#8221;,\u00a0 por parte de las fuerzas pol\u00edticas\u00a0 que est\u00e1n en contienda,&#8230;<\/p>\n","protected":false},"author":2,"featured_media":0,"comment_status":"closed","ping_status":"","sticky":false,"template":"","format":"standard","meta":{"footnotes":""},"categories":[8],"tags":[],"class_list":["post-9544","post","type-post","status-publish","format-standard","hentry","category-aqui-laguna","wpcat-8-id"],"_links":{"self":[{"href":"https:\/\/www.aquilaguna.com\/index.php\/wp-json\/wp\/v2\/posts\/9544","targetHints":{"allow":["GET"]}}],"collection":[{"href":"https:\/\/www.aquilaguna.com\/index.php\/wp-json\/wp\/v2\/posts"}],"about":[{"href":"https:\/\/www.aquilaguna.com\/index.php\/wp-json\/wp\/v2\/types\/post"}],"author":[{"embeddable":true,"href":"https:\/\/www.aquilaguna.com\/index.php\/wp-json\/wp\/v2\/users\/2"}],"replies":[{"embeddable":true,"href":"https:\/\/www.aquilaguna.com\/index.php\/wp-json\/wp\/v2\/comments?post=9544"}],"version-history":[{"count":1,"href":"https:\/\/www.aquilaguna.com\/index.php\/wp-json\/wp\/v2\/posts\/9544\/revisions"}],"predecessor-version":[{"id":9545,"href":"https:\/\/www.aquilaguna.com\/index.php\/wp-json\/wp\/v2\/posts\/9544\/revisions\/9545"}],"wp:attachment":[{"href":"https:\/\/www.aquilaguna.com\/index.php\/wp-json\/wp\/v2\/media?parent=9544"}],"wp:term":[{"taxonomy":"category","embeddable":true,"href":"https:\/\/www.aquilaguna.com\/index.php\/wp-json\/wp\/v2\/categories?post=9544"},{"taxonomy":"post_tag","embeddable":true,"href":"https:\/\/www.aquilaguna.com\/index.php\/wp-json\/wp\/v2\/tags?post=9544"}],"curies":[{"name":"wp","href":"https:\/\/api.w.org\/{rel}","templated":true}]}}