{"id":9558,"date":"2022-06-27T18:14:46","date_gmt":"2022-06-27T23:14:46","guid":{"rendered":"https:\/\/www.aquilaguna.com\/?p=9558"},"modified":"2022-06-27T18:14:46","modified_gmt":"2022-06-27T23:14:46","slug":"supervisa-salud-coahuila-arranque-de-vacunacion-contra-covid-a-menores","status":"publish","type":"post","link":"https:\/\/www.aquilaguna.com\/index.php\/2022\/06\/27\/supervisa-salud-coahuila-arranque-de-vacunacion-contra-covid-a-menores\/","title":{"rendered":"<strong>SUPERVISA SALUD COAHUILA ARRANQUE DE VACUNACI\u00d3N CONTRA COVID A MENORES<\/strong>"},"content":{"rendered":"\n<p>\u00b7&nbsp;&nbsp;&nbsp;&nbsp;&nbsp;&nbsp;<strong><em>&nbsp;Inicia la aplicaci\u00f3n del biol\u00f3gico Pfizer a ni\u00f1os y ni\u00f1as de 5 a 11 a\u00f1os.<\/em><\/strong><\/p>\n\n\n\n<p>Saltillo, Coahuila de Zaragoza; a 27 de Junio del 2022.- Este inicio de semana, el Secretario de Salud de Coahuila, Roberto Bernal G\u00f3mez, supervis\u00f3 el inicio del proceso de vacunaci\u00f3n contra el Covid &#8211; 19 para menores de 5 a 11 a\u00f1os en el m\u00f3dulo vehicular instalado en el Hospital General de Torre\u00f3n.<\/p>\n\n\n\n<p>Bernal G\u00f3mez aplic\u00f3 las primeras dosis en el drive thru instalado en el \u00e1rea de estacionamiento de esta unidad de salud.<\/p>\n\n\n\n<p>Es una prioridad para el Gobierno de Miguel \u00c1ngel Riquelme Sol\u00eds impulsar estas estrategias que ofrecen inmunidad a este sector poblacional tan&nbsp; sensible.<\/p>\n\n\n\n<p>Dio a conocer que en este punto se aplicar\u00e1n mil 500 dosis diarias tipo Pfizer, en un per\u00edodo de 8 d\u00edas: \u201cEn total, tan s\u00f3lo en este sitio ser\u00e1n 12 mil vacunas\u201d.<\/p>\n\n\n\n<p>Detall\u00f3 que se pusieron 4 mesas receptoras de veh\u00edculos con tres enfermeras cada una, adem\u00e1s de otras 10 que se encargaban de preparar las jeringas.<\/p>\n\n\n\n<p>\u201cEn promedio destinamos 24 enfermeras de este hospital y de la Jurisdicci\u00f3n Sanitaria\u201d, apunt\u00f3.<\/p>\n\n\n\n<p>\u201cAhora en el estado tenemos un 88 por ciento de vacunaci\u00f3n doble y un 56 por ciento con refuerzo. Vamos por el camino correcto\u201d.<\/p>\n\n\n\n<p>Destac\u00f3 que estas acciones contribuyen a ampliar la base de poblaci\u00f3n vacunada, lo que permite enfrentar con mayor efectividad la pandemia.<\/p>\n\n\n\n<p>El funcionario dijo que esta quinta ola aument\u00f3 el n\u00famero de contagios, sin embargo se mantiene estable el porcentaje de hospitalizaci\u00f3n y de decesos.<\/p>\n\n\n\n<p>\u201cNo debemos bajar la guardia, debemos de seguir usando cubrebocas en espacios cerrados y aquellos abiertos donde haya una gran concentraci\u00f3n de gente\u201d, sentenci\u00f3.<\/p>\n","protected":false},"excerpt":{"rendered":"<p>\u00b7&nbsp;&nbsp;&nbsp;&nbsp;&nbsp;&nbsp;&nbsp;Inicia la aplicaci\u00f3n del biol\u00f3gico Pfizer a ni\u00f1os y ni\u00f1as de 5 a 11 a\u00f1os. Saltillo, Coahuila de Zaragoza; a 27 de Junio del 2022.- Este inicio de semana, el Secretario de Salud de Coahuila, Roberto Bernal G\u00f3mez, supervis\u00f3 el inicio del proceso de vacunaci\u00f3n contra el Covid &#8211; 19 para menores de 5 a 11 a\u00f1os en el m\u00f3dulo vehicular instalado en el Hospital General de Torre\u00f3n. Bernal G\u00f3mez&#8230;<\/p>\n","protected":false},"author":1,"featured_media":9559,"comment_status":"closed","ping_status":"closed","sticky":false,"template":"","format":"standard","meta":{"footnotes":""},"categories":[5,4,15,14],"tags":[],"class_list":["post-9558","post","type-post","status-publish","format-standard","has-post-thumbnail","hentry","category-coahuila","category-covid","category-gobierno-de-coahuila","category-salud","wpcat-5-id","wpcat-4-id","wpcat-15-id","wpcat-14-id"],"_links":{"self":[{"href":"https:\/\/www.aquilaguna.com\/index.php\/wp-json\/wp\/v2\/posts\/9558","targetHints":{"allow":["GET"]}}],"collection":[{"href":"https:\/\/www.aquilaguna.com\/index.php\/wp-json\/wp\/v2\/posts"}],"about":[{"href":"https:\/\/www.aquilaguna.com\/index.php\/wp-json\/wp\/v2\/types\/post"}],"author":[{"embeddable":true,"href":"https:\/\/www.aquilaguna.com\/index.php\/wp-json\/wp\/v2\/users\/1"}],"replies":[{"embeddable":true,"href":"https:\/\/www.aquilaguna.com\/index.php\/wp-json\/wp\/v2\/comments?post=9558"}],"version-history":[{"count":1,"href":"https:\/\/www.aquilaguna.com\/index.php\/wp-json\/wp\/v2\/posts\/9558\/revisions"}],"predecessor-version":[{"id":9560,"href":"https:\/\/www.aquilaguna.com\/index.php\/wp-json\/wp\/v2\/posts\/9558\/revisions\/9560"}],"wp:featuredmedia":[{"embeddable":true,"href":"https:\/\/www.aquilaguna.com\/index.php\/wp-json\/wp\/v2\/media\/9559"}],"wp:attachment":[{"href":"https:\/\/www.aquilaguna.com\/index.php\/wp-json\/wp\/v2\/media?parent=9558"}],"wp:term":[{"taxonomy":"category","embeddable":true,"href":"https:\/\/www.aquilaguna.com\/index.php\/wp-json\/wp\/v2\/categories?post=9558"},{"taxonomy":"post_tag","embeddable":true,"href":"https:\/\/www.aquilaguna.com\/index.php\/wp-json\/wp\/v2\/tags?post=9558"}],"curies":[{"name":"wp","href":"https:\/\/api.w.org\/{rel}","templated":true}]}}