{"id":9638,"date":"2022-06-29T19:29:33","date_gmt":"2022-06-30T00:29:33","guid":{"rendered":"https:\/\/www.aquilaguna.com\/?p=9638"},"modified":"2022-06-29T19:29:33","modified_gmt":"2022-06-30T00:29:33","slug":"mexico-se-ha-transformado-en-un-pais-receptor-de-migrantes","status":"publish","type":"post","link":"https:\/\/www.aquilaguna.com\/index.php\/2022\/06\/29\/mexico-se-ha-transformado-en-un-pais-receptor-de-migrantes\/","title":{"rendered":"M\u00e9xico se ha transformado en un pa\u00eds receptor de migrantes."},"content":{"rendered":"\n<p>Torre\u00f3n, Coahuila.- &#8220;S\u00ed hay personas en el mundo que s\u00ed ven a M\u00e9xico, como pa\u00eds de tr\u00e1nsito hacia Estados Unidos, pero hay tambi\u00e9n muchas personas que est\u00e1n viendo a nuestro pa\u00eds, como potencial destino. Es decir,\u00a0 de individuos que buscan refugio\u00a0 y que no han dejado sus casas\u00a0 por un objetivo de buscar un mejor destino, sino han sido expulsadas de sus propios entornos&#8221;.<\/p>\n\n\n\n<p>Indic\u00f3 el Alto Comisionado\u00a0 de la Organizaci\u00f3n de las Naciones Unidas\u00a0 para Refugiados -ACNUR- Giovani Lepri,\u00a0 que M\u00e9xico con 136,000 \u00a0 solicitudes\u00a0 de asilo,\u00a0 que lo hace\u00a0 ocupar el tercer lugar \u00a0 en el mundo, luego de Estados Unidos y Alemania.\u00a0\u00a0<\/p>\n\n\n\n<p>En breve entrevista con el Alto Comisionado luego de firmar convenios de colaboraci\u00f3n\u00a0 en \u00e9sta ciudad, con autoridades del municipio as\u00ed como\u00a0 la UAdeC, encabezadas por su Rector \u00a0 Salvador Hern\u00e1ndez V\u00e9lez, expreso lo anterior.\u00a0<\/p>\n\n\n\n<p>Considero que, &#8220;M\u00e9xico s\u00ed puede contribuir\u00a0 al ser un pa\u00eds solidario y que permite establecer reciprocidad al menos con esta poblaci\u00f3n que esta en movilidad&#8221;.<\/p>\n\n\n\n<p>En el pasado, afirm\u00f3, &#8220;hubiera sido mas f\u00e1cil definir que una persona\u00a0 salia de su pa\u00eds, por razones puramente econ\u00f3micas, pero la migraci\u00f3n tal y como la vemos despu\u00e9s de la II\u00a0Guerra Mundial que registr\u00f3, por citar a Italia\u00a0 como ejemplo,\u00a0 una migraci\u00f3n masiva rumbo a Estados Unidos\u00a0 y en la que quedaba claro que era por razones econ\u00f3micas&#8221;.<\/p>\n\n\n\n<p>Y dice, &#8220;cuando uno ve im\u00e1genes de\u00a0 pa\u00edses como Sud\u00e1n,\u00a0 o la guerra de Dafour \u00a0 las personas realmente escapaban de la guerra, ahora las barreras\u00a0 entre las cuales son las razones de expulsi\u00f3n no est\u00e1n claras&#8221;.<\/p>\n\n\n\n<p>&#8220;De ah\u00ed que tenemos a veces, que buscar cual es la raz\u00f3n\u00a0 principal\u00a0 y no es claro. Lo que si es cierto es que\u00a0 muchas personas est\u00e1n saliendo de sus pa\u00edses de origen que por lo menos tienen como una de sus causas, la violencia generalizada, muchos casos de violencia de Genero, de mujeres que tienen que salir de sus comunidades a causa de los altos riesgos\u00a0 solo por ser mujeres, ni\u00f1as de 12 a\u00f1os que son blanco de las pandillas\u00a0 y que se tienen que\u00a0 ir y terminar por salir toda la familia&#8221;.\u00a0\u00a0<\/p>\n\n\n\n<p>Estas personas, explic\u00f3,\u00a0 &#8220;cuando llegan a M\u00e9xico s\u00ed tienen intenciones de quedarse, no tienen intenciones\u00a0 de ir mas all\u00e1, no hay tal plan&#8221;.<\/p>\n\n\n\n<p>&#8220;Decir pues que hoy\u00a0 M\u00e9xico es un pa\u00eds solidario, pero\u00a0 no se puede decir que M\u00e9xico es hoy un pa\u00eds de transito\u00a0 como hab\u00eda venido siendo hace algunos a\u00f1os,\u00a0 es mas hoy un pa\u00eds de destino&#8221;.<\/p>\n\n\n\n<p>&#8220;Las causas de expulsi\u00f3n por violencia, por guerras en este caso en Latinoam\u00e9rica, pero los casos de persecuci\u00f3n\u00a0 han aumentado en el mundo, pero por otra parte, M\u00e9xico se ha transformado en un pa\u00eds receptor&#8221;.\u00a0<\/p>\n\n\n\n<p>&#8220;Esto estaba bien en este pa\u00eds, si bien M\u00e9xico, es un pa\u00eds de grandes contrastes&#8221;,\u00a0 dijo para enumerar \u00a0 que, &#8220;tiene por ejemplo \u00edndices de violencia muy elevados, tiene \u00edndices de\u00a0 \u00a0 delincuencia muy complejos, tiene temas dif\u00edciles, pero\u00a0 s\u00ed tambi\u00e9n es un pa\u00eds acogedor, solidario\u00a0y generalizando tengo muchos a\u00f1os trabajando en la ONU y conozco muchos pa\u00edses, y no he encontrado medidas potenciales para reconstruir las vidas de personas refugiadas, como se dan en M\u00e9xico&#8221;.<\/p>\n","protected":false},"excerpt":{"rendered":"<p>Torre\u00f3n, Coahuila.- &#8220;S\u00ed hay personas en el mundo que s\u00ed ven a M\u00e9xico, como pa\u00eds de tr\u00e1nsito hacia Estados Unidos, pero hay tambi\u00e9n muchas personas que est\u00e1n viendo a nuestro pa\u00eds, como potencial destino. Es decir,\u00a0 de individuos que buscan refugio\u00a0 y que no han dejado sus casas\u00a0 por un objetivo de buscar un mejor destino, sino han sido expulsadas de sus propios entornos&#8221;. Indic\u00f3 el Alto Comisionado\u00a0 de la&#8230;<\/p>\n","protected":false},"author":2,"featured_media":0,"comment_status":"closed","ping_status":"","sticky":false,"template":"","format":"standard","meta":{"footnotes":""},"categories":[5,38,15,28,7,2],"tags":[],"class_list":["post-9638","post","type-post","status-publish","format-standard","hentry","category-coahuila","category-derechos-humanos","category-gobierno-de-coahuila","category-la-laguna","category-torreon","category-uadec","wpcat-5-id","wpcat-38-id","wpcat-15-id","wpcat-28-id","wpcat-7-id","wpcat-2-id"],"_links":{"self":[{"href":"https:\/\/www.aquilaguna.com\/index.php\/wp-json\/wp\/v2\/posts\/9638","targetHints":{"allow":["GET"]}}],"collection":[{"href":"https:\/\/www.aquilaguna.com\/index.php\/wp-json\/wp\/v2\/posts"}],"about":[{"href":"https:\/\/www.aquilaguna.com\/index.php\/wp-json\/wp\/v2\/types\/post"}],"author":[{"embeddable":true,"href":"https:\/\/www.aquilaguna.com\/index.php\/wp-json\/wp\/v2\/users\/2"}],"replies":[{"embeddable":true,"href":"https:\/\/www.aquilaguna.com\/index.php\/wp-json\/wp\/v2\/comments?post=9638"}],"version-history":[{"count":1,"href":"https:\/\/www.aquilaguna.com\/index.php\/wp-json\/wp\/v2\/posts\/9638\/revisions"}],"predecessor-version":[{"id":9639,"href":"https:\/\/www.aquilaguna.com\/index.php\/wp-json\/wp\/v2\/posts\/9638\/revisions\/9639"}],"wp:attachment":[{"href":"https:\/\/www.aquilaguna.com\/index.php\/wp-json\/wp\/v2\/media?parent=9638"}],"wp:term":[{"taxonomy":"category","embeddable":true,"href":"https:\/\/www.aquilaguna.com\/index.php\/wp-json\/wp\/v2\/categories?post=9638"},{"taxonomy":"post_tag","embeddable":true,"href":"https:\/\/www.aquilaguna.com\/index.php\/wp-json\/wp\/v2\/tags?post=9638"}],"curies":[{"name":"wp","href":"https:\/\/api.w.org\/{rel}","templated":true}]}}