{"id":9654,"date":"2022-06-30T20:34:58","date_gmt":"2022-07-01T01:34:58","guid":{"rendered":"https:\/\/www.aquilaguna.com\/?p=9654"},"modified":"2022-06-30T20:34:59","modified_gmt":"2022-07-01T01:34:59","slug":"reactivaran-acciones-para-prevenir-suicidios-en-la-region-laguna-y-todo-el-estado-de-durango","status":"publish","type":"post","link":"https:\/\/www.aquilaguna.com\/index.php\/2022\/06\/30\/reactivaran-acciones-para-prevenir-suicidios-en-la-region-laguna-y-todo-el-estado-de-durango\/","title":{"rendered":"REACTIVAR\u00c1N ACCIONES PARA PREVENIR SUICIDIOS EN LA REGI\u00d3N LAGUNA Y TODO EL ESTADO DE DURANGO."},"content":{"rendered":"\n<p>Comarca Lagunera.- Con el prop\u00f3sito de reactivar acciones de prevenci\u00f3n en contra<br>del suicidio, esta ma\u00f1ana en el Museo Interactivo Acertijo, se reunieron autoridades<br>de Salud y autoridades municipales de G\u00f3mez Palacio, Tlahualilo, Mapim\u00ed y Lerdo,<br>encabezadas por el secretario General de Gobierno del Estado de Durango, Jorge<br>Clemente Mojica Vargas y el secretario de Salud del Gobierno del Estado de<br>Durango, Sergio Gonz\u00e1lez Romero.<\/p>\n\n\n\n<p>El secretario General de Gobierno destac\u00f3, que por instrucciones del gobernador,<br>Jos\u00e9 Rosas Aispuro Torres se reactivar\u00e1n las acciones para evitar el incremento de<br>suicidios en el Estado de Durango, haciendo un trabajo coordinado junto con<br>autoridades municipales, estatales, federales y la sociedad en general para detectar<br>enfermedades como la depresi\u00f3n que puede orillar a ni\u00f1os, j\u00f3venes y adultos, a<br>buscar una salida por una puerta falsa, y ofrecerles herramientas \u00fatiles como el \u201cABC<br>del Suicidio\u201d que puedan poner en pr\u00e1ctica para prevenir la p\u00e9rdida de m\u00e1s vidas.<\/p>\n\n\n\n<p>Mencion\u00f3, que en lo que va del a\u00f1o se han presentado 95 suicidios en la entidad, de<br>los cuales 10 pertenecen a G\u00f3mez Palacio y 12 m\u00e1s al municipio de Lerdo. Dijo que,<br>en cuesti\u00f3n de suicidios no se tiene una sola causa ya que los motivos son<br>multifactoriales y han detectado que se presentan por: Problemas econ\u00f3micos,<br>drogadicci\u00f3n, violencia intrafamiliar, aislamiento social, depresi\u00f3n, entre otros.<\/p>\n\n\n\n<p>Durante su intervenci\u00f3n, Sergio Gonz\u00e1lez Romero, secretario de Salud del Gobierno<br>del Estado de Durango dijo que se han incrementado los casos de Covid-19 en el<br>estado; ya que de 100 pruebas para detectarlo que se realizan, al menos 60 salen<br>positivas.<\/p>\n\n\n\n<p>Hizo un llamado a la ciudadan\u00eda para que no baje la guardia y siga medidas como el<br>uso correcto de cubrebocas, sana distancia, uso de gel antibacterial, toma de<br>temperatura y lavado adecuado de manos.<\/p>\n\n\n\n<p>Puntualiz\u00f3 que entre el d\u00eda de ayer y hoy se detectaron m\u00e1s de 200 casos nuevos de<br>Covid-19, lo cual representa un foco rojo, por lo que invit\u00f3 a la ciudadan\u00eda para que<br>siga cuid\u00e1ndose, evite sitios poco ventilados, y retome el uso del cubrebocas.<\/p>\n\n\n\n<p>Por otra parte, ambos funcionarios estatales, solicitaron a los duranguenses de la<br>regi\u00f3n Laguna que est\u00e9n atentos a llamadas de extorsi\u00f3n, mismas que han registrado un incrementado en la entidad, para que no caigan en situaciones que lastimen su econom\u00eda familiar.<\/p>\n\n\n\n<p>En el recinto adem\u00e1s estuvieron presentes: Homero Mart\u00ednez Cabrera, alcalde de<br>Lerdo; Jes\u00fas Hiram Guerrero Aranda, Coordinador de epidemiolog\u00eda de la Delegaci\u00f3n<br>estatal del ISSSTE en Durango; Claudia D\u00edaz P\u00e9rez, delegada del IMSS en Durango;<br>Oswaldo Santib\u00e1\u00f1ez Garc\u00eda, subsecretario de Gobierno en la Laguna y Rafaela<br>Zapata Morales, secretaria general de la secci\u00f3n 188 del Sindicato Nacional de<br>Trabajadores de la Salud (SNTSA).<\/p>\n","protected":false},"excerpt":{"rendered":"<p>Comarca Lagunera.- Con el prop\u00f3sito de reactivar acciones de prevenci\u00f3n en contradel suicidio, esta ma\u00f1ana en el Museo Interactivo Acertijo, se reunieron autoridadesde Salud y autoridades municipales de G\u00f3mez Palacio, Tlahualilo, Mapim\u00ed y Lerdo,encabezadas por el secretario General de Gobierno del Estado de Durango, JorgeClemente Mojica Vargas y el secretario de Salud del Gobierno del Estado deDurango, Sergio Gonz\u00e1lez Romero. El secretario General de Gobierno destac\u00f3, que por instrucciones del&#8230;<\/p>\n","protected":false},"author":1,"featured_media":9655,"comment_status":"closed","ping_status":"closed","sticky":false,"template":"","format":"standard","meta":{"footnotes":""},"categories":[40,64,63,28],"tags":[],"class_list":["post-9654","post","type-post","status-publish","format-standard","has-post-thumbnail","hentry","category-durango","category-gobierno-de-durango","category-gomez-palacio","category-la-laguna","wpcat-40-id","wpcat-64-id","wpcat-63-id","wpcat-28-id"],"_links":{"self":[{"href":"https:\/\/www.aquilaguna.com\/index.php\/wp-json\/wp\/v2\/posts\/9654","targetHints":{"allow":["GET"]}}],"collection":[{"href":"https:\/\/www.aquilaguna.com\/index.php\/wp-json\/wp\/v2\/posts"}],"about":[{"href":"https:\/\/www.aquilaguna.com\/index.php\/wp-json\/wp\/v2\/types\/post"}],"author":[{"embeddable":true,"href":"https:\/\/www.aquilaguna.com\/index.php\/wp-json\/wp\/v2\/users\/1"}],"replies":[{"embeddable":true,"href":"https:\/\/www.aquilaguna.com\/index.php\/wp-json\/wp\/v2\/comments?post=9654"}],"version-history":[{"count":1,"href":"https:\/\/www.aquilaguna.com\/index.php\/wp-json\/wp\/v2\/posts\/9654\/revisions"}],"predecessor-version":[{"id":9656,"href":"https:\/\/www.aquilaguna.com\/index.php\/wp-json\/wp\/v2\/posts\/9654\/revisions\/9656"}],"wp:featuredmedia":[{"embeddable":true,"href":"https:\/\/www.aquilaguna.com\/index.php\/wp-json\/wp\/v2\/media\/9655"}],"wp:attachment":[{"href":"https:\/\/www.aquilaguna.com\/index.php\/wp-json\/wp\/v2\/media?parent=9654"}],"wp:term":[{"taxonomy":"category","embeddable":true,"href":"https:\/\/www.aquilaguna.com\/index.php\/wp-json\/wp\/v2\/categories?post=9654"},{"taxonomy":"post_tag","embeddable":true,"href":"https:\/\/www.aquilaguna.com\/index.php\/wp-json\/wp\/v2\/tags?post=9654"}],"curies":[{"name":"wp","href":"https:\/\/api.w.org\/{rel}","templated":true}]}}