{"id":9841,"date":"2022-07-10T21:16:32","date_gmt":"2022-07-11T02:16:32","guid":{"rendered":"https:\/\/www.aquilaguna.com\/?p=9841"},"modified":"2022-07-10T21:16:33","modified_gmt":"2022-07-11T02:16:33","slug":"contribuye-dif-coahuila-a-estrategia-para-prevenir-violencia-contra-la-mujer-marcela-gorgon","status":"publish","type":"post","link":"https:\/\/www.aquilaguna.com\/index.php\/2022\/07\/10\/contribuye-dif-coahuila-a-estrategia-para-prevenir-violencia-contra-la-mujer-marcela-gorgon\/","title":{"rendered":"CONTRIBUYE DIF COAHUILA A ESTRATEGIA PARA PREVENIR VIOLENCIA CONTRA LA MUJER: MARCELA GORG\u00d3N."},"content":{"rendered":"\n<p>Torre\u00f3n, Coahuila de Zaragoza; a 10 de Julio de 2022.- A trav\u00e9s del programa \u201cMasculinidad Por la Paz\u201d, el DIF Coahuila contribuye a la estrategia del Gobierno del Estado para prevenir y erradicar la violencia contra las mujeres, se\u00f1al\u00f3 Marcela Gorg\u00f3n Carrillo.<\/p>\n\n\n\n<p>La Presidenta Honoraria del DIF Estatal resalt\u00f3 que brindar a las mujeres una vida libre de violencia es una causa que ha sumado los esfuerzos de los tres niveles de Gobierno, las colectivas, la sociedad civil y la Iniciativa Privada.<\/p>\n\n\n\n<p>\u201cHoy todos estamos poniendo nuestro granito de arena para que las mujeres tengamos el respeto y reconocimiento a nuestros derechos, para tener acceso a una vida libre de violencia y con igualdad de oportunidades\u201d, destac\u00f3.<\/p>\n\n\n\n<p>Como parte de este esfuerzo, Gorg\u00f3n Carrillo indic\u00f3 que el DIF Coahuila opera el programa \u201cMasculinidad Por la Paz\u201d, cuyo objetivo es atender por medio de grupos de autoayuda a la poblaci\u00f3n masculina con fines reeducativos.<\/p>\n\n\n\n<p>Ello permite a los participantes identificar los patrones de violencia que han vivido y desarrollar nuevas habilidades para evitar replicar actos violentos, promoviendo la cultura de paz y autocuidado.<\/p>\n\n\n\n<p>\u201cPor medio de los 28 Centros de Atenci\u00f3n e Integraci\u00f3n Familiar que tenemos en las cinco regiones del estado hemos logrado apoyar a m\u00e1s de 12 mil adolescentes y adultos con temas sobre manejo de emociones, autoestima, adicciones, paternidad responsable y prevenci\u00f3n de la violencia\u201d, apunt\u00f3.<\/p>\n\n\n\n<p>Adem\u00e1s, se han realizado casi 8 mil sesiones de talleres y se conformaron 906 grupos de autoayuda, agreg\u00f3.<\/p>\n\n\n\n<p>En ese marco, la Presidenta Honoraria del DIF Coahuila expuso que se trabaja de manera coordinada con la Secretar\u00eda de Educaci\u00f3n del Estado para el desarrollo de los talleres en los niveles B\u00e1sico, Medio Superior y Superior, adem\u00e1s de instituciones educativas privadas.<\/p>\n\n\n\n<p>De igual manera, se realizan acciones conjuntas con la Secretar\u00eda de Seguridad P\u00fablica a trav\u00e9s de los Centros de Readaptaci\u00f3n Social Varonil en los municipios de Piedras Negras, Torre\u00f3n y Saltillo, adem\u00e1s del Centro de Internaci\u00f3n, Diagn\u00f3stico y Tratamiento a Menores Varonil Saltillo.<\/p>\n\n\n\n<p>Gorg\u00f3n Carrillo a\u00f1adi\u00f3 que de forma paralela se atienden canalizaciones derivadas del Poder Judicial, del Centro de Justicia y Empoderamiento para la Mujeres.<\/p>\n\n\n\n<p>En su momento, Roberto C\u00e1rdenas Zavala, Director General del DIF Coahuila, resalt\u00f3 que la visi\u00f3n del gobernador Miguel \u00c1ngel Riquelme Sol\u00eds y de la Presidenta Honoraria de la dependencia, Marcela Gorg\u00f3n, es brindar un servicio con calidad y profesionalismo a los hombres que se integran a \u201cMasculinidad Por la Paz\u201d.<\/p>\n\n\n\n<p>En los 28 CAIF\u2019s contamos con psic\u00f3logas y psic\u00f3logos bien capacitados en la materia, lo que nos permite otorgar un servicio de calidad como parte de la construcci\u00f3n de una sociedad libre de violencia, concluy\u00f3 el funcionario.<\/p>\n","protected":false},"excerpt":{"rendered":"<p>Torre\u00f3n, Coahuila de Zaragoza; a 10 de Julio de 2022.- A trav\u00e9s del programa \u201cMasculinidad Por la Paz\u201d, el DIF Coahuila contribuye a la estrategia del Gobierno del Estado para prevenir y erradicar la violencia contra las mujeres, se\u00f1al\u00f3 Marcela Gorg\u00f3n Carrillo. La Presidenta Honoraria del DIF Estatal resalt\u00f3 que brindar a las mujeres una vida libre de violencia es una causa que ha sumado los esfuerzos de los tres&#8230;<\/p>\n","protected":false},"author":1,"featured_media":9842,"comment_status":"closed","ping_status":"closed","sticky":false,"template":"","format":"standard","meta":{"footnotes":""},"categories":[5,26,48,15],"tags":[],"class_list":["post-9841","post","type-post","status-publish","format-standard","has-post-thumbnail","hentry","category-coahuila","category-dif","category-genero","category-gobierno-de-coahuila","wpcat-5-id","wpcat-26-id","wpcat-48-id","wpcat-15-id"],"_links":{"self":[{"href":"https:\/\/www.aquilaguna.com\/index.php\/wp-json\/wp\/v2\/posts\/9841","targetHints":{"allow":["GET"]}}],"collection":[{"href":"https:\/\/www.aquilaguna.com\/index.php\/wp-json\/wp\/v2\/posts"}],"about":[{"href":"https:\/\/www.aquilaguna.com\/index.php\/wp-json\/wp\/v2\/types\/post"}],"author":[{"embeddable":true,"href":"https:\/\/www.aquilaguna.com\/index.php\/wp-json\/wp\/v2\/users\/1"}],"replies":[{"embeddable":true,"href":"https:\/\/www.aquilaguna.com\/index.php\/wp-json\/wp\/v2\/comments?post=9841"}],"version-history":[{"count":1,"href":"https:\/\/www.aquilaguna.com\/index.php\/wp-json\/wp\/v2\/posts\/9841\/revisions"}],"predecessor-version":[{"id":9843,"href":"https:\/\/www.aquilaguna.com\/index.php\/wp-json\/wp\/v2\/posts\/9841\/revisions\/9843"}],"wp:featuredmedia":[{"embeddable":true,"href":"https:\/\/www.aquilaguna.com\/index.php\/wp-json\/wp\/v2\/media\/9842"}],"wp:attachment":[{"href":"https:\/\/www.aquilaguna.com\/index.php\/wp-json\/wp\/v2\/media?parent=9841"}],"wp:term":[{"taxonomy":"category","embeddable":true,"href":"https:\/\/www.aquilaguna.com\/index.php\/wp-json\/wp\/v2\/categories?post=9841"},{"taxonomy":"post_tag","embeddable":true,"href":"https:\/\/www.aquilaguna.com\/index.php\/wp-json\/wp\/v2\/tags?post=9841"}],"curies":[{"name":"wp","href":"https:\/\/api.w.org\/{rel}","templated":true}]}}