{"id":9877,"date":"2022-07-12T19:25:53","date_gmt":"2022-07-13T00:25:53","guid":{"rendered":"https:\/\/www.aquilaguna.com\/?p=9877"},"modified":"2022-07-12T19:25:53","modified_gmt":"2022-07-13T00:25:53","slug":"subsecretaria-de-educacion-es-sede-del-museo-extramuros-de-la-casa-de-la-cultura-de-gomez-palacio","status":"publish","type":"post","link":"https:\/\/www.aquilaguna.com\/index.php\/2022\/07\/12\/subsecretaria-de-educacion-es-sede-del-museo-extramuros-de-la-casa-de-la-cultura-de-gomez-palacio\/","title":{"rendered":"SUBSECRETAR\u00cdA DE EDUCACI\u00d3N ES SEDE DEL MUSEO EXTRAMUROS DE LA CASA DE LA CULTURA DE G\u00d3MEZ PALACIO."},"content":{"rendered":"\n<p>Comarca Lagunera.- Con una emotiva ceremonia que se efectu\u00f3 en las instalaciones<br>de la subsecretar\u00eda de Educaci\u00f3n P\u00fablica del gobierno del Estado de Durango en la<br>Regi\u00f3n Laguna, se inaugur\u00f3 la exposici\u00f3n del Museo de Arte Moderno de la Casa de<br>la Cultura de G\u00f3mez Palacio \u201cErnestina Gamboa\u201d la cual consta 17 obras art\u00edsticas de<br>diversos autores.<\/p>\n\n\n\n<p>El encargado del Museo de Arte Moderno de la Casa de la Cultura, expuso que el<br>proyecto de Museo Extramuros, pretende acercar las obras de arte que resguarda<br>este recinto a diversos p\u00fablicos. En esta ocasi\u00f3n, gracias a la coordinaci\u00f3n con la<br>subsecretar\u00eda de Educaci\u00f3n en la Laguna de Durango, hoy se exponen 17 obras. Por<br>una parte, se tiene la exposici\u00f3n \u201cCact\u00e1ceas\u201d del maestro Germ\u00e1n Felipe Hern\u00e1ndez<br>Nava, y por la otra, nueve fotograf\u00edas que representan la escuela mexicana de pintura,<br>el muralismo en su segunda generaci\u00f3n y del grupo de ruptura de los a\u00f1os 50\u2019s.<\/p>\n\n\n\n<p>El pintor lagunero Germ\u00e1n Felipe Hern\u00e1ndez Nava, originario de Pe\u00f1\u00f3n Blanco,<br>Durango; fue el encargado de presentar su obra \u201cCact\u00e1ceas\u201d, compuesta por ocho<br>cuadros al \u00f3leo que muestran la belleza del desierto lagunero, a trav\u00e9s de las<br>cact\u00e1ceas y sus flores. En su mensaje destac\u00f3: \u201cNac\u00ed en el medio rural, toda mi<br>infancia la pas\u00e9 en medio de sus flores, ya que mis padres sembraban en el monte<br>ma\u00edz y frijol, en los cerros de Pe\u00f1\u00f3n Blanco, por eso me gusta plasmar en mis<br>pinturas la belleza del sotol, el maguey, palmas, gobernadora y ocotillo, para que las<br>personas conozcan que esas plantas tambi\u00e9n son hermosas\u201d.<\/p>\n\n\n\n<p>En su mensaje, Cuitl\u00e1huac Vald\u00e9s Guti\u00e9rrez, subsecretario de Educaci\u00f3n en La<br>Laguna, subray\u00f3 que gracias a los convenios de colaboraci\u00f3n que establece la<br>Secretar\u00eda de Educaci\u00f3n, hoy es posible albergar esta muestra de grandes artistas y<br>sobre todo del talento lagunero en las instalaciones de la dependencia estatal.<\/p>\n\n\n\n<p>Resalt\u00f3 que no hay surco m\u00e1s fecundo que la conciencia estudiantil para sembrar en<br>ella el amor y respeto a la educaci\u00f3n, la cultura, las artes; de ah\u00ed la importancia de<br>que Museo Extramuros llegue a las escuelas de La Laguna y que los ni\u00f1os<br>desarrollen el gusto por las artes y la cultura.<\/p>\n\n\n\n<p>La ceremonia estuvo a cargo de Cuitl\u00e1huac Vald\u00e9s Guti\u00e9rrez, subsecretario de<br>Educaci\u00f3n en La Laguna (SEED); Alejandro Arias Mart\u00ednez, encargado del Museo de<br>Arte Moderno de la Casa de la Cultura de G\u00f3mez Palacio, en representaci\u00f3n personal de Marco Aurelio Guti\u00e9rrez Mares, director de dicho recinto cultural; Julio Casta\u00f1eda Casta\u00f1eda, director de Administraci\u00f3n y Planeaci\u00f3n de la SEED; Ma. del Carmen \u00c1valos Uranga, directora de servicios educativos de la SEED; Dulce Bonilla D\u00e1vila, jefa del departamento de planeaci\u00f3n educativa de la<br>SEED.<\/p>\n\n\n\n<p>Finalmente, la Casa de la Cultura de G\u00f3mez Palacio \u201cErnestina Gamboa\u201d obsequi\u00f3 25<br>becas para hijos de los trabajadores de la subsecretar\u00eda que deseen cursar alguna<br>disciplina art\u00edstica que se ofrece en este lugar.<\/p>\n","protected":false},"excerpt":{"rendered":"<p>Comarca Lagunera.- Con una emotiva ceremonia que se efectu\u00f3 en las instalacionesde la subsecretar\u00eda de Educaci\u00f3n P\u00fablica del gobierno del Estado de Durango en laRegi\u00f3n Laguna, se inaugur\u00f3 la exposici\u00f3n del Museo de Arte Moderno de la Casa dela Cultura de G\u00f3mez Palacio \u201cErnestina Gamboa\u201d la cual consta 17 obras art\u00edsticas dediversos autores. El encargado del Museo de Arte Moderno de la Casa de la Cultura, expuso que elproyecto de&#8230;<\/p>\n","protected":false},"author":1,"featured_media":9878,"comment_status":"closed","ping_status":"closed","sticky":false,"template":"","format":"standard","meta":{"footnotes":""},"categories":[12,40,64,63,28],"tags":[],"class_list":["post-9877","post","type-post","status-publish","format-standard","has-post-thumbnail","hentry","category-cultura","category-durango","category-gobierno-de-durango","category-gomez-palacio","category-la-laguna","wpcat-12-id","wpcat-40-id","wpcat-64-id","wpcat-63-id","wpcat-28-id"],"_links":{"self":[{"href":"https:\/\/www.aquilaguna.com\/index.php\/wp-json\/wp\/v2\/posts\/9877","targetHints":{"allow":["GET"]}}],"collection":[{"href":"https:\/\/www.aquilaguna.com\/index.php\/wp-json\/wp\/v2\/posts"}],"about":[{"href":"https:\/\/www.aquilaguna.com\/index.php\/wp-json\/wp\/v2\/types\/post"}],"author":[{"embeddable":true,"href":"https:\/\/www.aquilaguna.com\/index.php\/wp-json\/wp\/v2\/users\/1"}],"replies":[{"embeddable":true,"href":"https:\/\/www.aquilaguna.com\/index.php\/wp-json\/wp\/v2\/comments?post=9877"}],"version-history":[{"count":1,"href":"https:\/\/www.aquilaguna.com\/index.php\/wp-json\/wp\/v2\/posts\/9877\/revisions"}],"predecessor-version":[{"id":9879,"href":"https:\/\/www.aquilaguna.com\/index.php\/wp-json\/wp\/v2\/posts\/9877\/revisions\/9879"}],"wp:featuredmedia":[{"embeddable":true,"href":"https:\/\/www.aquilaguna.com\/index.php\/wp-json\/wp\/v2\/media\/9878"}],"wp:attachment":[{"href":"https:\/\/www.aquilaguna.com\/index.php\/wp-json\/wp\/v2\/media?parent=9877"}],"wp:term":[{"taxonomy":"category","embeddable":true,"href":"https:\/\/www.aquilaguna.com\/index.php\/wp-json\/wp\/v2\/categories?post=9877"},{"taxonomy":"post_tag","embeddable":true,"href":"https:\/\/www.aquilaguna.com\/index.php\/wp-json\/wp\/v2\/tags?post=9877"}],"curies":[{"name":"wp","href":"https:\/\/api.w.org\/{rel}","templated":true}]}}