{"id":9880,"date":"2022-07-12T19:29:22","date_gmt":"2022-07-13T00:29:22","guid":{"rendered":"https:\/\/www.aquilaguna.com\/?p=9880"},"modified":"2022-07-12T19:29:23","modified_gmt":"2022-07-13T00:29:23","slug":"autoridades-presentan-la-propuesta-de-modificacion-a-la-prolongacion-colon","status":"publish","type":"post","link":"https:\/\/www.aquilaguna.com\/index.php\/2022\/07\/12\/autoridades-presentan-la-propuesta-de-modificacion-a-la-prolongacion-colon\/","title":{"rendered":"Autoridades presentan la propuesta de modificaci\u00f3n a la prolongaci\u00f3n Col\u00f3n."},"content":{"rendered":"\n<p>Torre\u00f3n, Coahuila. A 12 de julio de 2022.<\/p>\n\n\n\n<p>Con la finalidad de ofrecer mayor seguridad a los ciclistas, peatones y<br>automovilistas, titulares de diversas dependencias municipales, sostuvieron una<br>reuni\u00f3n en las instalaciones de la C\u00e1mara Mexicana de la Industria de la<br>Construcci\u00f3n (CMIC) Laguna, para revisar la propuesta de modificaci\u00f3n de la<br>ciclov\u00eda en el tramo de la prolongaci\u00f3n calzada Col\u00f3n.<\/p>\n\n\n\n<p>Con el trabajo coordinado de las direcciones, la propuesta es otorgar espacios<br>seguros para quienes transitan en bicicleta y resolver el problema de los carriles<br>que fueron recortados para los automovilistas, al crear una bicisenda para ciclistas<br>y peatones, adem\u00e1s de construir un parque de bolsillo en predios abandonados.<\/p>\n\n\n\n<p>El titular del Instituto Municipal de Planeaci\u00f3n y Competitividad (IMPLAN), Jos\u00e9<br>Antonio Ram\u00edrez Reyes, se\u00f1al\u00f3 con diferentes datos y en base a estudios como el<br>del Instituto para el Transporte Sensible, que las pr\u00e1cticas como el fomento a las<br>ciclov\u00edas y los diferentes tipos de movilidad alternativa, son necesarios al dise\u00f1ar<br>pol\u00edticas p\u00fablicas para dejar de concebir a las calles s\u00f3lo como \u00e1reas de tr\u00e1nsito y<br>convertirlas en espacios para la convivencia social.<\/p>\n\n\n\n<p>Por su parte, Luis Morales Cort\u00e9s, director de Vialidad y Movilidad Urbana,<br>agradeci\u00f3 la asistencia de los diversos colectivos y se\u00f1al\u00f3 que de momento los<br>cambios contemplan el tramo de la prolongaci\u00f3n Col\u00f3n, entre el bulevar<br>Constituci\u00f3n y la calle J.I. Jim\u00e9nez.<\/p>\n\n\n\n<p>Pablo Garc\u00eda Chac\u00f3n, presidente del Consejo Consultivo de Vialidad, mencion\u00f3<br>que han revisado la propuesta de la autoridad a fin de mejorar las condiciones de<br>inclusi\u00f3n y la seguridad en la ciclov\u00eda.<\/p>\n\n\n\n<p>La propuesta es dejar las banquetas en esa secci\u00f3n m\u00e1s amplias, con espacios<br>claros y delimitados para peatones y ciclistas, as\u00ed como la instalaci\u00f3n de jardineras<br>con un sistema de captaci\u00f3n de agua de lluvia, obra que se realizar\u00eda con los<br>propios recursos municipales.<\/p>\n\n\n\n<p>Tras la exposici\u00f3n realizada por las autoridades, los integrantes de los diferentes<br>grupos resolvieron sus dudas y mostraron disposici\u00f3n para realizar m\u00e1s reuniones.<\/p>\n\n\n\n<p>En la reuni\u00f3n estuvieron presentes, adem\u00e1s los titulares de la Direcci\u00f3n General<br>de Ordenamiento Territorial y Urbanismo, Francisco Jos\u00e9 Torres Ju\u00e1rez; Direcci\u00f3n<br>General de Obras P\u00fablicas, Juan Adolfo Von Bertrab Saracho y el comandante<br>Mario Garc\u00eda Campos, titular de la Direcci\u00f3n de Tr\u00e1nsito y Vialidad.<\/p>\n\n\n\n<p>Como representantes de la sociedad civil se cont\u00f3 con la participaci\u00f3n de los<br>integrantes de grupos tales como Ruedas del Desierto, Rodada Torre\u00f3n Jard\u00edn,<br>Rodando en Familia, Ciudad Industrial de Torre\u00f3n, Consejo Visi\u00f3n Metr\u00f3poli,<br>Asociaci\u00f3n de Restaurantes, Bares y Banquetes (AREBB), Distrito Col\u00f3n, Canaco,<br>Canacintra, Canirac, Consejo Consultivo de Vialidad, Colegio de Arquitectos de la<br>Laguna y el Colegio de Ingenieros Mec\u00e1nicos El\u00e9ctricos.<\/p>\n\n\n\n<p>Esta actividad ser\u00e1 la primera de varias interacciones que se buscan para<br>socializar el proyecto a trabajar.<\/p>\n","protected":false},"excerpt":{"rendered":"<p>Torre\u00f3n, Coahuila. A 12 de julio de 2022. Con la finalidad de ofrecer mayor seguridad a los ciclistas, peatones yautomovilistas, titulares de diversas dependencias municipales, sostuvieron unareuni\u00f3n en las instalaciones de la C\u00e1mara Mexicana de la Industria de laConstrucci\u00f3n (CMIC) Laguna, para revisar la propuesta de modificaci\u00f3n de laciclov\u00eda en el tramo de la prolongaci\u00f3n calzada Col\u00f3n. Con el trabajo coordinado de las direcciones, la propuesta es otorgar espaciosseguros para&#8230;<\/p>\n","protected":false},"author":1,"featured_media":9881,"comment_status":"closed","ping_status":"closed","sticky":false,"template":"","format":"standard","meta":{"footnotes":""},"categories":[5,28,7,68],"tags":[],"class_list":["post-9880","post","type-post","status-publish","format-standard","has-post-thumbnail","hentry","category-coahuila","category-la-laguna","category-torreon","category-transporte","wpcat-5-id","wpcat-28-id","wpcat-7-id","wpcat-68-id"],"_links":{"self":[{"href":"https:\/\/www.aquilaguna.com\/index.php\/wp-json\/wp\/v2\/posts\/9880","targetHints":{"allow":["GET"]}}],"collection":[{"href":"https:\/\/www.aquilaguna.com\/index.php\/wp-json\/wp\/v2\/posts"}],"about":[{"href":"https:\/\/www.aquilaguna.com\/index.php\/wp-json\/wp\/v2\/types\/post"}],"author":[{"embeddable":true,"href":"https:\/\/www.aquilaguna.com\/index.php\/wp-json\/wp\/v2\/users\/1"}],"replies":[{"embeddable":true,"href":"https:\/\/www.aquilaguna.com\/index.php\/wp-json\/wp\/v2\/comments?post=9880"}],"version-history":[{"count":1,"href":"https:\/\/www.aquilaguna.com\/index.php\/wp-json\/wp\/v2\/posts\/9880\/revisions"}],"predecessor-version":[{"id":9882,"href":"https:\/\/www.aquilaguna.com\/index.php\/wp-json\/wp\/v2\/posts\/9880\/revisions\/9882"}],"wp:featuredmedia":[{"embeddable":true,"href":"https:\/\/www.aquilaguna.com\/index.php\/wp-json\/wp\/v2\/media\/9881"}],"wp:attachment":[{"href":"https:\/\/www.aquilaguna.com\/index.php\/wp-json\/wp\/v2\/media?parent=9880"}],"wp:term":[{"taxonomy":"category","embeddable":true,"href":"https:\/\/www.aquilaguna.com\/index.php\/wp-json\/wp\/v2\/categories?post=9880"},{"taxonomy":"post_tag","embeddable":true,"href":"https:\/\/www.aquilaguna.com\/index.php\/wp-json\/wp\/v2\/tags?post=9880"}],"curies":[{"name":"wp","href":"https:\/\/api.w.org\/{rel}","templated":true}]}}