{"id":9886,"date":"2022-07-12T19:34:28","date_gmt":"2022-07-13T00:34:28","guid":{"rendered":"https:\/\/www.aquilaguna.com\/?p=9886"},"modified":"2022-07-12T19:34:29","modified_gmt":"2022-07-13T00:34:29","slug":"el-iepc-designo-a-interventor-para-llevar-a-cabo-el-procedimiento-de-perdida-de-registro-liquidacion-y-adjudicacion-de-rspd","status":"publish","type":"post","link":"https:\/\/www.aquilaguna.com\/index.php\/2022\/07\/12\/el-iepc-designo-a-interventor-para-llevar-a-cabo-el-procedimiento-de-perdida-de-registro-liquidacion-y-adjudicacion-de-rspd\/","title":{"rendered":"El IEPC design\u00f3 a interventor para llevar a cabo el procedimiento de p\u00e9rdida de registro, liquidaci\u00f3n y adjudicaci\u00f3n de RSPD."},"content":{"rendered":"\n<p>En Sesi\u00f3n Ordinaria #49 del Consejo General del Instituto Electoral y de Participaci\u00f3n Ciudadana del<br>Estado de Durango (IEPC), llevada a cabo el 12 de julio de 2022, fue designado el C. Rosal\u00edo Aguilar<br>\u00c1valos como interventor para llevar a cabo el procedimiento de p\u00e9rdida de registro, liquidaci\u00f3n y<br>adjudicaci\u00f3n de bienes de Redes Sociales Progresistas Durango (RSPD).<\/p>\n\n\n\n<p>En Consejo General del IEPC, aprob\u00f3 el Dictamen del Secretariado T\u00e9cnico, respecto de la actualizaci\u00f3n<br>de la causal de p\u00e9rdida de registro de RSPD, Partido Pol\u00edtico Estatal, ante el IEPC, y se design\u00f3 al<br>interventor y se otorga garant\u00eda de audiencia, en virtud de no haber obtenido por lo menos el 3% de la<br>votaci\u00f3n v\u00e1lida emitida en la elecci\u00f3n ordinaria para la Gubernatura del Estado, celebrada el 5 de junio de 2022, en el marco del Proceso Electoral Local 2021 \u2013 2022.<\/p>\n\n\n\n<p>En el Acuerdo aprobado, se resolvi\u00f3 actualizar la causal de p\u00e9rdida de registro de RSPD, Partido Pol\u00edtico<br>Local, de conformidad con lo dispuesto en los art\u00edculos 116, fracci\u00f3n IV, inciso f) de la Constituci\u00f3n Federal; 94, numeral 1, inciso b) de la Ley de Partidos Pol\u00edticos; 63 de la Constituci\u00f3n Local; 55 de la Ley de Local; y 78, numeral 2 del Reglamento. De tal forma se declar\u00f3 el inicio de la fase de prevenci\u00f3n de conformidad con lo dispuesto por el art\u00edculo 89 del Reglamento, por lo que RSPD deber\u00e1 observar las Reglas de Prevenci\u00f3n, establecidas para la p\u00e9rdida de su registro.<\/p>\n\n\n\n<p>En otro de los puntos del Acuerdo, se instruy\u00f3 a la Secretaria Ejecutiva notificar el Acuerdo a RSPD para<br>que, en un plazo de 5 d\u00edas h\u00e1biles, contados a partir de que surta efectos la notificaci\u00f3n, manifieste lo que a su derecho convenga y realice las precisiones que estime conducentes; lo anterior, bajo el apercibimiento que en caso de no hacerlo, se le tendr\u00e1 por precluido su derecho y se resolver\u00e1 lo pertinente conforme a las constancias que obren en el expediente.<\/p>\n\n\n\n<p>En otro de los puntos del orden del d\u00eda se aprob\u00f3 el Proyecto de Resoluci\u00f3n del Consejo General del IEPC, en donde se resolvi\u00f3 como infundada la queja presentada por el Partido Revolucionario  nstitucional, en contra de medio informativo electr\u00f3nico denominado \u201cPol\u00edtica 21\u201d, Comit\u00e9 Directivo Municipal de MORENA en Durango, y\/o contra quien resulte responsable, radicado bajo la clave alfanum\u00e9rica IEPC-SC-PES- 025\/2022, en cumplimiento a la sentencia dictada por el Tribunal Electoral del Estado de Durango en autos del expediente TEED-JE-027\/2022.<\/p>\n\n\n\n<p>En la Resoluci\u00f3n se menciona que la funci\u00f3n en el libre ejercicio del periodismo se encuentra \u00edntimamente relacionada con la presunci\u00f3n de licitud de la que la libertad de expresi\u00f3n, destacada en la Jurisprudencia 15\/2018, emitida por la Sala Superior del Tribunal electoral del Poder Judicial de la Federaci\u00f3n, de rubro: \u201cPROTECCI\u00d3N AL PERIODISMO CRITERIOS PARA DESVIRTUAR LA PRESUNCI\u00d3N DE LICITUD DE LA ACTIVIDAD PERIOD\u00cdSTICA.\u201d, ya que la libertad de expresi\u00f3n, incluida la de prensa, implica la inviolabilidad de difundir opiniones; dando como consecuencia, mantener informada a la ciudadan\u00eda, en raz\u00f3n de lo anterior, se considera por parte de esta autoridad electoral que, no se considera transgresi\u00f3n a la normativa electoral la manifestaci\u00f3n de ideas, expresiones u opiniones que, apreciadas en su contexto integral, aporten elementos que permitan la formaci\u00f3n de una opini\u00f3n p\u00fablica libre, la consolidaci\u00f3n del sistema de partidos y de las candidaturas independientes, as\u00ed como el fomento de una aut\u00e9ntica cultura democr\u00e1tica.<\/p>\n\n\n\n<p>En la misma Sesi\u00f3n Extraordinaria se presentaron los siguientes Informes:<br>\uf0b7 Informe final de la Comisi\u00f3n Temporal del Programa de Resultados Electorales Preliminares<br>(PREP), periodo septiembre 2021 a junio 2022;<br>\uf0b7 Informe final del Comit\u00e9 T\u00e9cnico Asesor del PREP del Proceso Electoral Local 2021 \u2013 2022;<br>\uf0b7 Informe de evaluaci\u00f3n al sistema inform\u00e1tico y a la infraestructura tecnol\u00f3gica del PREP del IEPC;<br>\uf0b7 Informe final de auditor\u00eda al sistema inform\u00e1tico y a la infraestructura tecnol\u00f3gica del PREP del<br>IEPC;<br>\uf0b7 Informe final que presentan las Unidades T\u00e9cnicas de Transparencia y Protecci\u00f3n de Datos<br>Personales, de Igualdad de G\u00e9nero y no Discriminaci\u00f3n, de Servicios de Inform\u00e1tica y de<br>Vinculaci\u00f3n con los Organismos P\u00fablicos Locales, del Instituto Nacional Electoral, en relaci\u00f3n con<br>el Sistema Candidatas y Candidatos, Con\u00f3celes, para los Procesos Electorales Locales 2021 \u2013<br>2022.<br>En las siguientes paginas puedes encontrar los videos de las Sesiones del Consejo General, en YouTube:<br><a href=\"https:\/\/www.youtube.com\/channel\/UCa_O86yXp85xHPNLnz5wujQ\" target=\"_blank\" rel=\"noreferrer noopener\">https:\/\/www.youtube.com\/channel\/UCa_O86yXp85xHPNLnz5wujQ<\/a> y en Facebook Live en:<br><a href=\"https:\/\/www.facebook.com\/InstitutoElectoralDurangoIEPC\" target=\"_blank\" rel=\"noreferrer noopener\">https:\/\/www.facebook.com\/InstitutoElectoralDurangoIEPC<\/a><\/p>\n","protected":false},"excerpt":{"rendered":"<p>En Sesi\u00f3n Ordinaria #49 del Consejo General del Instituto Electoral y de Participaci\u00f3n Ciudadana delEstado de Durango (IEPC), llevada a cabo el 12 de julio de 2022, fue designado el C. Rosal\u00edo Aguilar\u00c1valos como interventor para llevar a cabo el procedimiento de p\u00e9rdida de registro, liquidaci\u00f3n yadjudicaci\u00f3n de bienes de Redes Sociales Progresistas Durango (RSPD). En Consejo General del IEPC, aprob\u00f3 el Dictamen del Secretariado T\u00e9cnico, respecto de la actualizaci\u00f3nde&#8230;<\/p>\n","protected":false},"author":1,"featured_media":9887,"comment_status":"closed","ping_status":"closed","sticky":false,"template":"","format":"standard","meta":{"footnotes":""},"categories":[13,39],"tags":[],"class_list":["post-9886","post","type-post","status-publish","format-standard","has-post-thumbnail","hentry","category-danza","category-iepc","wpcat-13-id","wpcat-39-id"],"_links":{"self":[{"href":"https:\/\/www.aquilaguna.com\/index.php\/wp-json\/wp\/v2\/posts\/9886","targetHints":{"allow":["GET"]}}],"collection":[{"href":"https:\/\/www.aquilaguna.com\/index.php\/wp-json\/wp\/v2\/posts"}],"about":[{"href":"https:\/\/www.aquilaguna.com\/index.php\/wp-json\/wp\/v2\/types\/post"}],"author":[{"embeddable":true,"href":"https:\/\/www.aquilaguna.com\/index.php\/wp-json\/wp\/v2\/users\/1"}],"replies":[{"embeddable":true,"href":"https:\/\/www.aquilaguna.com\/index.php\/wp-json\/wp\/v2\/comments?post=9886"}],"version-history":[{"count":1,"href":"https:\/\/www.aquilaguna.com\/index.php\/wp-json\/wp\/v2\/posts\/9886\/revisions"}],"predecessor-version":[{"id":9888,"href":"https:\/\/www.aquilaguna.com\/index.php\/wp-json\/wp\/v2\/posts\/9886\/revisions\/9888"}],"wp:featuredmedia":[{"embeddable":true,"href":"https:\/\/www.aquilaguna.com\/index.php\/wp-json\/wp\/v2\/media\/9887"}],"wp:attachment":[{"href":"https:\/\/www.aquilaguna.com\/index.php\/wp-json\/wp\/v2\/media?parent=9886"}],"wp:term":[{"taxonomy":"category","embeddable":true,"href":"https:\/\/www.aquilaguna.com\/index.php\/wp-json\/wp\/v2\/categories?post=9886"},{"taxonomy":"post_tag","embeddable":true,"href":"https:\/\/www.aquilaguna.com\/index.php\/wp-json\/wp\/v2\/tags?post=9886"}],"curies":[{"name":"wp","href":"https:\/\/api.w.org\/{rel}","templated":true}]}}