{"id":9909,"date":"2022-07-13T19:05:18","date_gmt":"2022-07-14T00:05:18","guid":{"rendered":"https:\/\/www.aquilaguna.com\/?p=9909"},"modified":"2022-07-13T19:05:18","modified_gmt":"2022-07-14T00:05:18","slug":"aumenta-solicitud-de-pruebas-para-covid-no-asi-la-capacidad-hospitalaria-salud-coahuila","status":"publish","type":"post","link":"https:\/\/www.aquilaguna.com\/index.php\/2022\/07\/13\/aumenta-solicitud-de-pruebas-para-covid-no-asi-la-capacidad-hospitalaria-salud-coahuila\/","title":{"rendered":"AUMENTA SOLICITUD DE PRUEBAS PARA COVID, NO AS\u00cd LA CAPACIDAD HOSPITALARIA: SALUD COAHUILA."},"content":{"rendered":"\n<p>\u00b7\u00a0\u00a0\u00a0\u00a0\u00a0\u00a0<strong><em>\u00a0No se est\u00e1 en alarma, pero se mantiene vigilancia epidemiol\u00f3gica<\/em><\/strong><\/p>\n\n\n\n<p>\u00b7&nbsp;&nbsp;&nbsp;&nbsp;&nbsp;&nbsp;<strong><em>&nbsp;Invitan a continuar con medias preventivas o, si se resulta positivo, a asilarse<\/em><\/strong><\/p>\n\n\n\n<p>Torre\u00f3n, Coahuila de Zaragoza; a 13 de Julio de 2022.- Aunque aument\u00f3 la solicitud para realizarse pruebas para detectar el SARS-CoV-19 y los casos positivos, la capacidad hospitalaria no ha visto un incremento y tampoco el n\u00famero de defunciones, comparti\u00f3 Roberto Bernal G\u00f3mez, Secretario de Salud de Coahuila.<\/p>\n\n\n\n<p>Aclar\u00f3 que no se est\u00e1 en alarma, pero se mantiene la vigilancia epidemiol\u00f3gica: \u201cAument\u00f3 el n\u00famero de solicitudes de pruebas porque increment\u00f3 el n\u00famero de positivos, afortunadamente la capacidad hospitalaria sigue siendo baja. Hay poca gente intubada, s\u00f3lo 4 pacientes, y la mortalidad es menor\u201d.<\/p>\n\n\n\n<p>Por su parte, Martha Rangel Orona, responsable del \u00e1rea de muestras Covid en la Jurisdicci\u00f3n Sanitaria VI &#8211; con sede en Torre\u00f3n -, apunt\u00f3 que se est\u00e1n haciendo entre 80 y 100 pruebas diarias: \u201cQue no son muchas comparadas con lo que se hac\u00eda en el 2020, cuando llegamos a hacer hasta 300 cada 24 horas\u201d.<\/p>\n\n\n\n<p>Reconoci\u00f3 que las personas que est\u00e1n falleciendo en su mayor\u00eda no contaban con vacuna contra el coronavirus, o bien no ten\u00edan el esquema completo para protegerse. De forma que la inoculaci\u00f3n s\u00ed ha hecho una diferencia crucial.<\/p>\n\n\n\n<p>Bernal G\u00f3mez apunt\u00f3 que es el mismo caso de Saltillo: \u201cHemos observado que la gente acude a realizarse la prueba y de manera voluntaria de a\u00edslan\u201d.<\/p>\n\n\n\n<p>Puntualiz\u00f3 que en pr\u00f3ximos a\u00f1os el coronavirus podr\u00eda tornarse como la influenza, donde se presentan contagios pero afortunadamente la poblaci\u00f3n vacunada est\u00e1 fuera de peligro.<\/p>\n\n\n\n<p>Por lo que hizo un exhorto a la poblaci\u00f3n que no cuenta con el biol\u00f3gico a que no lo deje pasar, pero tambi\u00e9n a quien no ha cumplido con la primera y segunda dosis y el refuerzo, a consumarlo.<\/p>\n\n\n\n<p>Por lo que la invitaci\u00f3n tambi\u00e9n es a no relajar las medidas, a continuar utilizando el cubrebocas, el gel antibacterial, a no acudir a lugares concurridos y, si se resulta positivo, ser honestos y aislarse.<\/p>\n\n\n\n<p>Rangel Orona recalc\u00f3 que el personal de enfermer\u00eda y del \u00e1rea administrativa del laboratorio tiene en su equipo desde el inicio de la pandemia, por lo que est\u00e1 capacitado al cien por ciento.<\/p>\n\n\n\n<p>De esta manera, el Gobierno de Coahuila, a trav\u00e9s de la Secretar\u00eda de Salud, contin\u00faa pendiente de las y los ciudadanos, de su cuidado, pues las pruebas se hacen de forma gratuita.<\/p>\n","protected":false},"excerpt":{"rendered":"<p>\u00b7\u00a0\u00a0\u00a0\u00a0\u00a0\u00a0\u00a0No se est\u00e1 en alarma, pero se mantiene vigilancia epidemiol\u00f3gica \u00b7&nbsp;&nbsp;&nbsp;&nbsp;&nbsp;&nbsp;&nbsp;Invitan a continuar con medias preventivas o, si se resulta positivo, a asilarse Torre\u00f3n, Coahuila de Zaragoza; a 13 de Julio de 2022.- Aunque aument\u00f3 la solicitud para realizarse pruebas para detectar el SARS-CoV-19 y los casos positivos, la capacidad hospitalaria no ha visto un incremento y tampoco el n\u00famero de defunciones, comparti\u00f3 Roberto Bernal G\u00f3mez, Secretario de Salud de&#8230;<\/p>\n","protected":false},"author":1,"featured_media":9910,"comment_status":"closed","ping_status":"closed","sticky":false,"template":"","format":"standard","meta":{"footnotes":""},"categories":[5,4,15],"tags":[],"class_list":["post-9909","post","type-post","status-publish","format-standard","has-post-thumbnail","hentry","category-coahuila","category-covid","category-gobierno-de-coahuila","wpcat-5-id","wpcat-4-id","wpcat-15-id"],"_links":{"self":[{"href":"https:\/\/www.aquilaguna.com\/index.php\/wp-json\/wp\/v2\/posts\/9909","targetHints":{"allow":["GET"]}}],"collection":[{"href":"https:\/\/www.aquilaguna.com\/index.php\/wp-json\/wp\/v2\/posts"}],"about":[{"href":"https:\/\/www.aquilaguna.com\/index.php\/wp-json\/wp\/v2\/types\/post"}],"author":[{"embeddable":true,"href":"https:\/\/www.aquilaguna.com\/index.php\/wp-json\/wp\/v2\/users\/1"}],"replies":[{"embeddable":true,"href":"https:\/\/www.aquilaguna.com\/index.php\/wp-json\/wp\/v2\/comments?post=9909"}],"version-history":[{"count":1,"href":"https:\/\/www.aquilaguna.com\/index.php\/wp-json\/wp\/v2\/posts\/9909\/revisions"}],"predecessor-version":[{"id":9911,"href":"https:\/\/www.aquilaguna.com\/index.php\/wp-json\/wp\/v2\/posts\/9909\/revisions\/9911"}],"wp:featuredmedia":[{"embeddable":true,"href":"https:\/\/www.aquilaguna.com\/index.php\/wp-json\/wp\/v2\/media\/9910"}],"wp:attachment":[{"href":"https:\/\/www.aquilaguna.com\/index.php\/wp-json\/wp\/v2\/media?parent=9909"}],"wp:term":[{"taxonomy":"category","embeddable":true,"href":"https:\/\/www.aquilaguna.com\/index.php\/wp-json\/wp\/v2\/categories?post=9909"},{"taxonomy":"post_tag","embeddable":true,"href":"https:\/\/www.aquilaguna.com\/index.php\/wp-json\/wp\/v2\/tags?post=9909"}],"curies":[{"name":"wp","href":"https:\/\/api.w.org\/{rel}","templated":true}]}}