{"id":9931,"date":"2022-07-15T20:35:45","date_gmt":"2022-07-16T01:35:45","guid":{"rendered":"https:\/\/www.aquilaguna.com\/?p=9931"},"modified":"2022-07-15T20:35:46","modified_gmt":"2022-07-16T01:35:46","slug":"por-autos-electricos-acuerdan-gm-y-ctm-una-semana-para-reconversion-de-planta-en-ramos-arizpe","status":"publish","type":"post","link":"https:\/\/www.aquilaguna.com\/index.php\/2022\/07\/15\/por-autos-electricos-acuerdan-gm-y-ctm-una-semana-para-reconversion-de-planta-en-ramos-arizpe\/","title":{"rendered":"POR AUTOS EL\u00c9CTRICOS, ACUERDAN GM Y CTM UNA SEMANA PARA RECONVERSI\u00d3N DE PLANTA EN RAMOS ARIZPE."},"content":{"rendered":"\n<p>\u00b7\u00a0\u00a0\u00a0\u00a0\u00a0\u00a0<strong><em>\u00a0Del 18 al 25 de Julio: Secretar\u00eda de Econom\u00eda Estatal<\/em><\/strong><\/p>\n\n\n\n<p>Saltillo, Coahuila de Zaragoza; a 15 de Julio de 2022.- El Secretario de Econom\u00eda de Coahuila, Claudio Bres Garza, inform\u00f3 que la Planta de General Motors de Ramos Arizpe tendr\u00e1 un paro t\u00e9cnico del 18 al 25 del presente mes en la etapa final de su reconversi\u00f3n para la producci\u00f3n de autos el\u00e9ctricos, con el pago del 75 por ciento de los salarios de sus trabajadores.<\/p>\n\n\n\n<p>Indic\u00f3 que las extraordinarias relaciones de armon\u00eda entre el Gobierno del Estado, la Confederaci\u00f3n de Trabadores de M\u00e9xico (CTM) y la empresa automotriz permitieron concretar este acuerdo.<\/p>\n\n\n\n<p>Lo anterior, se estableci\u00f3 ante el marcado avance que registra General Motors Ramos Arizpe en su fase de reconversi\u00f3n para la producci\u00f3n de autos el\u00e9ctricos a partir del pr\u00f3ximo a\u00f1o, sostuvo el servidor p\u00fablico estatal.<\/p>\n\n\n\n<p>El paro t\u00e9cnico de una semana en GM-Ramos Arizpe, refiri\u00f3, lleva consigo adecuaciones en otras planta proveedoras de insumos relacionados con la industria de autom\u00f3viles el\u00e9ctricos.<\/p>\n\n\n\n<p>Finalmente, el Secretario de Econom\u00eda en Coahuila, al recordar que se trata del segundo paro t\u00e9cnico de la empresa por el mismo motivo, resalt\u00f3 la satisfacci\u00f3n del Gobierno del Estado, la central obrera y de la propia empresa porque ya se tendr\u00e1 todo listo para que el modelo 23 inicie su producci\u00f3n con veh\u00edculos el\u00e9ctricos.<\/p>\n","protected":false},"excerpt":{"rendered":"<p>\u00b7\u00a0\u00a0\u00a0\u00a0\u00a0\u00a0\u00a0Del 18 al 25 de Julio: Secretar\u00eda de Econom\u00eda Estatal Saltillo, Coahuila de Zaragoza; a 15 de Julio de 2022.- El Secretario de Econom\u00eda de Coahuila, Claudio Bres Garza, inform\u00f3 que la Planta de General Motors de Ramos Arizpe tendr\u00e1 un paro t\u00e9cnico del 18 al 25 del presente mes en la etapa final de su reconversi\u00f3n para la producci\u00f3n de autos el\u00e9ctricos, con el pago del 75 por ciento&#8230;<\/p>\n","protected":false},"author":1,"featured_media":0,"comment_status":"closed","ping_status":"closed","sticky":false,"template":"","format":"standard","meta":{"footnotes":""},"categories":[5,29,15],"tags":[],"class_list":["post-9931","post","type-post","status-publish","format-standard","hentry","category-coahuila","category-economia","category-gobierno-de-coahuila","wpcat-5-id","wpcat-29-id","wpcat-15-id"],"_links":{"self":[{"href":"https:\/\/www.aquilaguna.com\/index.php\/wp-json\/wp\/v2\/posts\/9931","targetHints":{"allow":["GET"]}}],"collection":[{"href":"https:\/\/www.aquilaguna.com\/index.php\/wp-json\/wp\/v2\/posts"}],"about":[{"href":"https:\/\/www.aquilaguna.com\/index.php\/wp-json\/wp\/v2\/types\/post"}],"author":[{"embeddable":true,"href":"https:\/\/www.aquilaguna.com\/index.php\/wp-json\/wp\/v2\/users\/1"}],"replies":[{"embeddable":true,"href":"https:\/\/www.aquilaguna.com\/index.php\/wp-json\/wp\/v2\/comments?post=9931"}],"version-history":[{"count":1,"href":"https:\/\/www.aquilaguna.com\/index.php\/wp-json\/wp\/v2\/posts\/9931\/revisions"}],"predecessor-version":[{"id":9932,"href":"https:\/\/www.aquilaguna.com\/index.php\/wp-json\/wp\/v2\/posts\/9931\/revisions\/9932"}],"wp:attachment":[{"href":"https:\/\/www.aquilaguna.com\/index.php\/wp-json\/wp\/v2\/media?parent=9931"}],"wp:term":[{"taxonomy":"category","embeddable":true,"href":"https:\/\/www.aquilaguna.com\/index.php\/wp-json\/wp\/v2\/categories?post=9931"},{"taxonomy":"post_tag","embeddable":true,"href":"https:\/\/www.aquilaguna.com\/index.php\/wp-json\/wp\/v2\/tags?post=9931"}],"curies":[{"name":"wp","href":"https:\/\/api.w.org\/{rel}","templated":true}]}}