{"id":997,"date":"2021-03-17T18:02:19","date_gmt":"2021-03-18T00:02:19","guid":{"rendered":"https:\/\/www.aquilaguna.com\/?p=997"},"modified":"2021-03-17T18:02:20","modified_gmt":"2021-03-18T00:02:20","slug":"realizan-oracion-en-exhumacion-masiva-en-torreon-respeto-a-creencias-religiosas-de-familias","status":"publish","type":"post","link":"https:\/\/www.aquilaguna.com\/index.php\/2021\/03\/17\/realizan-oracion-en-exhumacion-masiva-en-torreon-respeto-a-creencias-religiosas-de-familias\/","title":{"rendered":"REALIZAN ORACI\u00d3N EN EXHUMACI\u00d3N MASIVA EN TORRE\u00d3N: RESPETO A CREENCIAS RELIGIOSAS DE FAMILIAS"},"content":{"rendered":"\n<p>Torre\u00f3n, Coahuila de Zaragoza; a 17 de Marzo de 2021.- Con el objetivo de realizar una oraci\u00f3n por los cuerpos recuperados de las fosas comunes, el sacerdote cat\u00f3lico Rafael L\u00f3pez visit\u00f3 el Pante\u00f3n Municipal N\u00famero 2 de Torre\u00f3n, donde el Centro Regional de Identificaci\u00f3n Humana (CRIH) realiza la exhumaci\u00f3n con enfoque masiva.<\/p>\n\n\n\n<p>La Coordinadora General del CRIH, Yezka Garza Ram\u00edrez, coment\u00f3 que el centro es incluyente y respetuoso de las creencias de los colectivos, ya que fueron ellos quienes hicieron posible estos trabajos gracias a su constante lucha.<\/p>\n\n\n\n<p>\u201cDurante estos nueve d\u00edas que llevamos de trabajo los familiares de personas desaparecidas nos han acompa\u00f1ado para constatar y documentar las jornadas, y para ellos una actividad importante es la oraci\u00f3n, y nosotros lo respetamos&#8221;, dijo.<\/p>\n\n\n\n<p>Garza Ram\u00edrez a\u00f1adi\u00f3 que hasta el momento suman 74 individuos recuperados y 158 muestras referenciales, no obstante hizo una invitaci\u00f3n a donar la muestra de sangre, lo que permitir\u00e1 hacer cotejos de informaci\u00f3n.<\/p>\n","protected":false},"excerpt":{"rendered":"<p>Torre\u00f3n, Coahuila de Zaragoza; a 17 de Marzo de 2021.- Con el objetivo de realizar una oraci\u00f3n por los cuerpos recuperados de las fosas comunes, el sacerdote cat\u00f3lico Rafael L\u00f3pez visit\u00f3 el Pante\u00f3n Municipal N\u00famero 2 de Torre\u00f3n, donde el Centro Regional de Identificaci\u00f3n Humana (CRIH) realiza la exhumaci\u00f3n con enfoque masiva. La Coordinadora General del CRIH, Yezka Garza Ram\u00edrez, coment\u00f3 que el centro es incluyente y respetuoso de las&#8230;<\/p>\n","protected":false},"author":1,"featured_media":998,"comment_status":"closed","ping_status":"closed","sticky":false,"template":"","format":"standard","meta":{"footnotes":""},"categories":[5,15,24],"tags":[],"class_list":["post-997","post","type-post","status-publish","format-standard","has-post-thumbnail","hentry","category-coahuila","category-gobierno-de-coahuila","category-seguridad","wpcat-5-id","wpcat-15-id","wpcat-24-id"],"_links":{"self":[{"href":"https:\/\/www.aquilaguna.com\/index.php\/wp-json\/wp\/v2\/posts\/997","targetHints":{"allow":["GET"]}}],"collection":[{"href":"https:\/\/www.aquilaguna.com\/index.php\/wp-json\/wp\/v2\/posts"}],"about":[{"href":"https:\/\/www.aquilaguna.com\/index.php\/wp-json\/wp\/v2\/types\/post"}],"author":[{"embeddable":true,"href":"https:\/\/www.aquilaguna.com\/index.php\/wp-json\/wp\/v2\/users\/1"}],"replies":[{"embeddable":true,"href":"https:\/\/www.aquilaguna.com\/index.php\/wp-json\/wp\/v2\/comments?post=997"}],"version-history":[{"count":1,"href":"https:\/\/www.aquilaguna.com\/index.php\/wp-json\/wp\/v2\/posts\/997\/revisions"}],"predecessor-version":[{"id":999,"href":"https:\/\/www.aquilaguna.com\/index.php\/wp-json\/wp\/v2\/posts\/997\/revisions\/999"}],"wp:featuredmedia":[{"embeddable":true,"href":"https:\/\/www.aquilaguna.com\/index.php\/wp-json\/wp\/v2\/media\/998"}],"wp:attachment":[{"href":"https:\/\/www.aquilaguna.com\/index.php\/wp-json\/wp\/v2\/media?parent=997"}],"wp:term":[{"taxonomy":"category","embeddable":true,"href":"https:\/\/www.aquilaguna.com\/index.php\/wp-json\/wp\/v2\/categories?post=997"},{"taxonomy":"post_tag","embeddable":true,"href":"https:\/\/www.aquilaguna.com\/index.php\/wp-json\/wp\/v2\/tags?post=997"}],"curies":[{"name":"wp","href":"https:\/\/api.w.org\/{rel}","templated":true}]}}